{"id":160121,"date":"2020-05-12T17:41:28","date_gmt":"2020-05-12T20:41:28","guid":{"rendered":"https:\/\/diarioregionaldigital.com.br\/?p=160121"},"modified":"2020-05-12T17:41:28","modified_gmt":"2020-05-12T20:41:28","slug":"pcmg-apura-17-casos-no-primeiro-quadrimestre-de-2020","status":"publish","type":"post","link":"https:\/\/diarioregionaldigital.com.br\/?p=160121","title":{"rendered":"PCMG apura 17 casos no primeiro quadrimestre de 2020"},"content":{"rendered":"<p>A Pol\u00edcia Civil de Minas Gerais (PCMG), apurou um total de 17 dos 18 casos registrados, referentes a homic\u00eddios consumados, no primeiro quadrimestre de 2020 em Juiz de Fora. Ap\u00f3s intensas investiga\u00e7\u00f5es realizadas pela equipe da Delegacia Especializada de Homic\u00eddios, a autoria e a motiva\u00e7\u00e3o de tais crimes j\u00e1 foram definidas.<\/p>\n<p>Segundo o Delegado Rodrigo Rolli, o total de casos registrados neste ano \u00e9 o mesmo em compara\u00e7\u00e3o com 2019 e at\u00e9 o momento, um caso ocorrido este ano, no Bairro Vitorino Braga, segue em investiga\u00e7\u00e3o:<\/p>\n<p>\u201cNo mesmo per\u00edodo de 2019, foram registrados 17 casos, inclusive, todos se encontram apurados, ou seja, aumento de apenas um caso neste ano, em compara\u00e7\u00e3o com o mesmo per\u00edodo do ano anterior. Em 2020, h\u00e1 um crime que se encontra em investiga\u00e7\u00e3o, ocorrido em fevereiro, no Bairro Vitorino Braga, no entanto, temos devidamente apurados 94,44% dos casos ocorridos\u201d.<\/p>\n<p>Rodrigo relembra que no m\u00eas de maio, a PCMG prendeu um total de cinco suspeitos, por pr\u00e1ticas de homic\u00eddios, ocorridos entre dezembro de 2019 e mar\u00e7o e abril deste ano.<\/p>\n<p>J\u00e1 o Delegado Regional de Juiz de Fora, Armando Av\u00f3lio Neto, a Pol\u00edcia Civil, no \u00e2mbito da 1\u00aa Delegacia Regional (1\u00aa DRPC), continua se empenhando a fim de combater essa e outras modalidades criminosas;<\/p>\n<p>\u201cEsse \u00edndice de apura\u00e7\u00e3o revela o comprometimento dos policiais civis da Delegacia Especializada de Homic\u00eddios em esclarecer esses crimes em Juiz de Fora, por meio de investiga\u00e7\u00e3o qualificada\u201d, conclui.<\/p>\n<p>&nbsp;<\/p>\n","protected":false},"excerpt":{"rendered":"<p>A Pol\u00edcia Civil de Minas Gerais (PCMG), apurou um total de 17 dos 18 casos registrados, referentes a homic\u00eddios consumados, no primeiro quadrimestre de 2020 em Juiz de Fora. Ap\u00f3s intensas investiga\u00e7\u00f5es realizadas pela equipe da Delegacia Especializada de Homic\u00eddios, a autoria e a motiva\u00e7\u00e3o de tais crimes j\u00e1 foram definidas. Segundo o Delegado Rodrigo [&hellip;]<\/p>\n","protected":false},"author":96,"featured_media":160122,"comment_status":"closed","ping_status":"closed","sticky":false,"template":"","format":"standard","meta":{"footnotes":""},"categories":[301,436,439],"tags":[],"class_list":["post-160121","post","type-post","status-publish","format-standard","has-post-thumbnail","hentry","category-artigos-policiais","category-destaque-da-semana","category-ultima-hora"],"_links":{"self":[{"href":"https:\/\/diarioregionaldigital.com.br\/index.php?rest_route=\/wp\/v2\/posts\/160121","targetHints":{"allow":["GET"]}}],"collection":[{"href":"https:\/\/diarioregionaldigital.com.br\/index.php?rest_route=\/wp\/v2\/posts"}],"about":[{"href":"https:\/\/diarioregionaldigital.com.br\/index.php?rest_route=\/wp\/v2\/types\/post"}],"author":[{"embeddable":true,"href":"https:\/\/diarioregionaldigital.com.br\/index.php?rest_route=\/wp\/v2\/users\/96"}],"replies":[{"embeddable":true,"href":"https:\/\/diarioregionaldigital.com.br\/index.php?rest_route=%2Fwp%2Fv2%2Fcomments&post=160121"}],"version-history":[{"count":0,"href":"https:\/\/diarioregionaldigital.com.br\/index.php?rest_route=\/wp\/v2\/posts\/160121\/revisions"}],"wp:featuredmedia":[{"embeddable":true,"href":"https:\/\/diarioregionaldigital.com.br\/index.php?rest_route=\/wp\/v2\/media\/160122"}],"wp:attachment":[{"href":"https:\/\/diarioregionaldigital.com.br\/index.php?rest_route=%2Fwp%2Fv2%2Fmedia&parent=160121"}],"wp:term":[{"taxonomy":"category","embeddable":true,"href":"https:\/\/diarioregionaldigital.com.br\/index.php?rest_route=%2Fwp%2Fv2%2Fcategories&post=160121"},{"taxonomy":"post_tag","embeddable":true,"href":"https:\/\/diarioregionaldigital.com.br\/index.php?rest_route=%2Fwp%2Fv2%2Ftags&post=160121"}],"curies":[{"name":"wp","href":"https:\/\/api.w.org\/{rel}","templated":true}]}}