{"id":160103,"date":"2020-05-12T17:10:40","date_gmt":"2020-05-12T20:10:40","guid":{"rendered":"https:\/\/diarioregionaldigital.com.br\/?p=160103"},"modified":"2020-05-12T17:10:40","modified_gmt":"2020-05-12T20:10:40","slug":"bc-projeta-queda-forte-da-economia-no-primeiro-semestre-deste-ano","status":"publish","type":"post","link":"https:\/\/diarioregionaldigital.com.br\/?p=160103","title":{"rendered":"BC projeta queda forte da economia no primeiro semestre deste ano"},"content":{"rendered":"<p>O Comit\u00ea de Pol\u00edtica Monet\u00e1ria (Copom) do Banco Central (BC) projeta forte queda da economia por causa do coronav\u00edrus. A informa\u00e7\u00e3o foi divulgada nessa ter\u00e7a-feira (12), em Bras\u00edlia, na ata da \u00faltima reuni\u00e3o do Copom, que reduziu a taxa b\u00e1sica de juros, a Selic, em 0,75 ponto percentual, indo para 3% ao ano.<\/p>\n<p>Segundo a ata, \u201cembora haja poucos dados dispon\u00edveis para o m\u00eas de abril, h\u00e1 evid\u00eancia suficiente de que a economia sofrer\u00e1 forte contra\u00e7\u00e3o no segundo trimestre deste ano\u201d.<\/p>\n<p>Para o comit\u00ea, se n\u00e3o houver \u201cavan\u00e7os m\u00e9dicos\u201d no combate \u00e0 pandemia, \u201c\u00e9 plaus\u00edvel um cen\u00e1rio em que a retomada, al\u00e9m de mais gradual do que a considerada, seja caraterizada por idas e vindas\u201d.<\/p>\n<p>\u201cO cen\u00e1rio b\u00e1sico considerado pelo Copom passou a ser de uma queda forte do PIB [Produto Interno Bruto \u2013 soma de todos os bens e servi\u00e7os produzidos no pa\u00eds] na primeira metade deste ano, seguida de uma recupera\u00e7\u00e3o gradual a partir do terceiro trimestre deste ano\u201d, diz a ata.<\/p>\n<p><strong>Limite m\u00ednimo para a taxa Selic<\/strong><\/p>\n<p>Segundo a ata, o comit\u00ea discutiu sobre a possibilidade de exist\u00eancia de um limite m\u00ednimo para a taxa Selic.<\/p>\n<p>\u201cA maioria dos membros ponderou que o limite seria significativamente maior em economias emergentes do que em pa\u00edses desenvolvidos, devido \u00e0 presen\u00e7a de um pr\u00eamio de risco [retorno adicional cobrado por investidores para aceitar correr maior grau de risco]. Foi ressaltado que esse pr\u00eamio tende a ser maior no Brasil, dadas a sua relativa fragilidade fiscal e as incertezas quanto \u00e0 sua trajet\u00f3ria fiscal prospectiva. Nesse contexto, j\u00e1 estar\u00edamos pr\u00f3ximos do n\u00edvel onde redu\u00e7\u00f5es adicionais na taxa de juros poderiam ser acompanhadas de instabilidade nos mercados financeiros e nos pre\u00e7os de ativos\u201d, diz a ata.<\/p>\n<p>Por outro lado, descreve o documento, um membro do Copom argumentou que, em princ\u00edpio, n\u00e3o h\u00e1 raz\u00e3o para a exist\u00eancia de um limite m\u00ednimo, j\u00e1 que os efeitos de altera\u00e7\u00f5es da Selic na economia continuam \u201coperantes, sem descontinuidades\u201d.<\/p>\n<p>\u201cO comit\u00ea como um todo reconheceu a import\u00e2ncia de gradualismo na condu\u00e7\u00e3o da pol\u00edtica monet\u00e1ria para avalia\u00e7\u00e3o da resposta dos pre\u00e7os de ativos financeiros\u201d, conclu\u00edram os membros do Copom.<\/p>\n<p><strong>Infla\u00e7\u00e3o<\/strong><\/p>\n<p>Para o Copom, \u201co impacto da pandemia sobre a economia brasileira ser\u00e1 desinflacion\u00e1rio e associado a forte aumento do n\u00edvel de ociosidade dos fatores de produ\u00e7\u00e3o\u201d.<\/p>\n<p>\u201cA eleva\u00e7\u00e3o abrupta da incerteza sobre a economia deve resultar em aumento da poupan\u00e7a precaucional e consequente redu\u00e7\u00e3o significativa da demanda agregada\u201d, destaca.<\/p>\n<p>Segundo o comit\u00ea, as proje\u00e7\u00f5es de curto prazo tiveram \u201crevis\u00f5es relevantes e incorporam a perspectiva de defla\u00e7\u00e3o significativa nos pr\u00f3ximos meses\u201d.<\/p>\n<p>O Copom explica que \u201chouve recuo adicional no pre\u00e7o do petr\u00f3leo e queda acentuada nos pre\u00e7os do produtor dom\u00e9stico de combust\u00edveis, que seguir\u00e3o repercutindo, nas pr\u00f3ximas semanas, sobre os pre\u00e7os ao consumidor\u201d. \u201cOs resultados mais recentes dos \u00edndices de pre\u00e7os evidenciaram efeitos desinflacion\u00e1rios significativos sobre pre\u00e7os de servi\u00e7os e de bens industriais\u201d, afirma.<\/p>\n<p>Nos cen\u00e1rios para a infla\u00e7\u00e3o, foi considerado que o pre\u00e7o do petr\u00f3leo (Brent) subir\u00e1 cerca de 40% entre a m\u00e9dia na semana anterior \u00e0 da reuni\u00e3o do Copom e o final de 2020. No cen\u00e1rio com trajet\u00f3ria para a taxa de juros extra\u00edda da pesquisa Focus (mercado financeiro) e o d\u00f3lar a R$ 5,55, a infla\u00e7\u00e3o ser\u00e1 de 2,4% em 2020 e 3,4% em 2021.<\/p>\n<p>Esse cen\u00e1rio sup\u00f5e trajet\u00f3ria de juros que encerra 2020 em 2,75% ao ano e se eleva at\u00e9 3,75% ao ano em 2021. Nesse cen\u00e1rio, as proje\u00e7\u00f5es para a infla\u00e7\u00e3o de pre\u00e7os administrados s\u00e3o de 0,7% para 2020 e 3,9% para 2021.<\/p>\n<p>No cen\u00e1rio com taxa de juros constante a 3,75% ao ano e taxa de c\u00e2mbio constante a R$ 5,55, as proje\u00e7\u00f5es ficam em 2,3% para 2020 e 3,2% para 2021. Nesse cen\u00e1rio, as proje\u00e7\u00f5es para a infla\u00e7\u00e3o de pre\u00e7os administrados s\u00e3o de 0,7% para 2020 e 3,8% para 2021.<\/p>\n<p><strong>Pr\u00f3ximos passos<\/strong><\/p>\n<p>Para a pr\u00f3xima reuni\u00e3o, em junho, o Copom considera \u201cum \u00faltimo ajuste, n\u00e3o maior do que o atual [redu\u00e7\u00e3o de 0,75 ponto percentual], para complementar o grau de est\u00edmulo necess\u00e1rio como rea\u00e7\u00e3o \u00e0s consequ\u00eancias econ\u00f4micas da pandemia da covid-19\u201d. No entanto, o comit\u00ea disse que \u201cnovas informa\u00e7\u00f5es sobre os efeitos da pandemia, assim como uma diminui\u00e7\u00e3o das incertezas no \u00e2mbito fiscal, ser\u00e3o essenciais para definir seus pr\u00f3ximos passos\u201d.<\/p>\n<p>&nbsp;<\/p>\n<p><strong>Fonte:\u00a0<\/strong>Ag\u00eancia Brasil<\/p>\n","protected":false},"excerpt":{"rendered":"<p>O Comit\u00ea de Pol\u00edtica Monet\u00e1ria (Copom) do Banco Central (BC) projeta forte queda da economia por causa do coronav\u00edrus. A informa\u00e7\u00e3o foi divulgada nessa ter\u00e7a-feira (12), em Bras\u00edlia, na ata da \u00faltima reuni\u00e3o do Copom, que reduziu a taxa b\u00e1sica de juros, a Selic, em 0,75 ponto percentual, indo para 3% ao ano. Segundo a [&hellip;]<\/p>\n","protected":false},"author":96,"featured_media":160104,"comment_status":"closed","ping_status":"closed","sticky":false,"template":"","format":"standard","meta":{"footnotes":""},"categories":[436,261,439],"tags":[],"class_list":["post-160103","post","type-post","status-publish","format-standard","has-post-thumbnail","hentry","category-destaque-da-semana","category-economia","category-ultima-hora"],"_links":{"self":[{"href":"https:\/\/diarioregionaldigital.com.br\/index.php?rest_route=\/wp\/v2\/posts\/160103","targetHints":{"allow":["GET"]}}],"collection":[{"href":"https:\/\/diarioregionaldigital.com.br\/index.php?rest_route=\/wp\/v2\/posts"}],"about":[{"href":"https:\/\/diarioregionaldigital.com.br\/index.php?rest_route=\/wp\/v2\/types\/post"}],"author":[{"embeddable":true,"href":"https:\/\/diarioregionaldigital.com.br\/index.php?rest_route=\/wp\/v2\/users\/96"}],"replies":[{"embeddable":true,"href":"https:\/\/diarioregionaldigital.com.br\/index.php?rest_route=%2Fwp%2Fv2%2Fcomments&post=160103"}],"version-history":[{"count":0,"href":"https:\/\/diarioregionaldigital.com.br\/index.php?rest_route=\/wp\/v2\/posts\/160103\/revisions"}],"wp:featuredmedia":[{"embeddable":true,"href":"https:\/\/diarioregionaldigital.com.br\/index.php?rest_route=\/wp\/v2\/media\/160104"}],"wp:attachment":[{"href":"https:\/\/diarioregionaldigital.com.br\/index.php?rest_route=%2Fwp%2Fv2%2Fmedia&parent=160103"}],"wp:term":[{"taxonomy":"category","embeddable":true,"href":"https:\/\/diarioregionaldigital.com.br\/index.php?rest_route=%2Fwp%2Fv2%2Fcategories&post=160103"},{"taxonomy":"post_tag","embeddable":true,"href":"https:\/\/diarioregionaldigital.com.br\/index.php?rest_route=%2Fwp%2Fv2%2Ftags&post=160103"}],"curies":[{"name":"wp","href":"https:\/\/api.w.org\/{rel}","templated":true}]}}