{"id":160101,"date":"2020-05-12T13:01:30","date_gmt":"2020-05-12T16:01:30","guid":{"rendered":"https:\/\/diarioregionaldigital.com.br\/?p=160101"},"modified":"2020-05-12T13:01:30","modified_gmt":"2020-05-12T16:01:30","slug":"em-24h-minas-gerais-tem-aumento-de-115-novos-casos-de-coronavirus","status":"publish","type":"post","link":"https:\/\/diarioregionaldigital.com.br\/?p=160101","title":{"rendered":"Em 24h, Minas Gerais tem aumento de 115 novos casos de Coronav\u00edrus"},"content":{"rendered":"<p>Dentro do per\u00edodo de 24h, entre essa segunda-feira (11) e esta ter\u00e7a-feira (12), Minas Gerais teve aumento de 115 novos casos de Coronav\u00edrus, conforme boletim divulgado pela Secretaria de Estado da Sa\u00fade de Minas Gerais (SES-MG). Conforme os <a href=\"https:\/\/www.saude.mg.gov.br\/images\/noticias_e_eventos\/000_2020\/mar_abr_maio\/12.05.2020_Boletim_epidemiologico_COVID-19.pdf\">dados<\/a>, houve crescimento para 3.435 casos confirmados e houve aumento tamb\u00e9m para 127 <a href=\"https:\/\/www.saude.mg.gov.br\/images\/noticias_e_eventos\/000_2020\/Boletins_Corona\/OBITOS_CONF_COVID-19_MG_12_05_2020.pdf\">mortes<\/a> confirmadas: Santa Luzia (idosa de 89 anos), S\u00e3o Jos\u00e9 da Lapa (idoso de 81), Uberl\u00e2ndia (idoso de 68), Muria\u00e9 (homem de 49), Betim (adolescente de 14) e Juiz de Fora (idosa de 91). Ainda conforme o levantamento, os casos suspeitos subiram para 101.496.<\/p>\n<p>Os\u00a0dados atualizados\u00a0referentes a \u00f3bitos confirmados em Minas Gerais s\u00e3o: Araguari (1), Arax\u00e1 (1), Barbacena (2), Belmiro Braga (1), Belo Horizonte (26), Belo Vale (1), Betim (2), Bonfim (1), Bueno Brand\u00e3o (1), Capit\u00f3lio (1), Carmo do Cajuru (1), Cataguases(1), Centralina (1), Contagem (3), Divin\u00f3polis (1), Espinosa (1), Extrema (3), Governador Valadares (3), Ipia\u00e7u (1), Itabira (1), Itajub\u00e1 (1), Itapeva (1), Jequitinhonha (1), Juiz de Fora (18), Manhua\u00e7u (1), Mariana (2), M\u00e1rio Campos (1), Martinho Campos (1), Montes Claros (2), Morro da Gar\u00e7a (1), Muria\u00e9 (1), Nanuque (1), Nova Serrana (1), Novo Cruzeiro (1), Ouro Fino (1), Paracatu (1), Parais\u00f3polis (2), Patos de Minas (1), Patroc\u00ednio (1), Piumhi (1), Planura (1), Po\u00e7os de Caldas (3), Pouso Alegre (3), Presidente Juscelino (1), Santa Luzia (1), Santos Dumont (1), S\u00e3o Francisco (2), S\u00e3o Geraldo da Piedade (1), S\u00e3o Jo\u00e3o Nepomuceno (1), S\u00e3o Jos\u00e9 da Lapa (1), S\u00e3o Rom\u00e3o (1), S\u00e3o Sebasti\u00e3o do Para\u00edso (1), S\u00e3o Tom\u00e1s de Aquino (1), Te\u00f3filo Otoni (1), Toledo (1), Tr\u00eas Pontas (1), Uberaba (4), Uberl\u00e2ndia (11), Varginha (1) e Varzel\u00e2ndia (1).<\/p>\n","protected":false},"excerpt":{"rendered":"<p>Dentro do per\u00edodo de 24h, entre essa segunda-feira (11) e esta ter\u00e7a-feira (12), Minas Gerais teve aumento de 115 novos casos de Coronav\u00edrus, conforme boletim divulgado pela Secretaria de Estado da Sa\u00fade de Minas Gerais (SES-MG). Conforme os dados, houve crescimento para 3.435 casos confirmados e houve aumento tamb\u00e9m para 127 mortes confirmadas: Santa Luzia [&hellip;]<\/p>\n","protected":false},"author":96,"featured_media":157655,"comment_status":"closed","ping_status":"closed","sticky":false,"template":"","format":"standard","meta":{"footnotes":""},"categories":[436,440,252,439],"tags":[],"class_list":["post-160101","post","type-post","status-publish","format-standard","has-post-thumbnail","hentry","category-destaque-da-semana","category-destaques-do-dia","category-regiao","category-ultima-hora"],"_links":{"self":[{"href":"https:\/\/diarioregionaldigital.com.br\/index.php?rest_route=\/wp\/v2\/posts\/160101","targetHints":{"allow":["GET"]}}],"collection":[{"href":"https:\/\/diarioregionaldigital.com.br\/index.php?rest_route=\/wp\/v2\/posts"}],"about":[{"href":"https:\/\/diarioregionaldigital.com.br\/index.php?rest_route=\/wp\/v2\/types\/post"}],"author":[{"embeddable":true,"href":"https:\/\/diarioregionaldigital.com.br\/index.php?rest_route=\/wp\/v2\/users\/96"}],"replies":[{"embeddable":true,"href":"https:\/\/diarioregionaldigital.com.br\/index.php?rest_route=%2Fwp%2Fv2%2Fcomments&post=160101"}],"version-history":[{"count":0,"href":"https:\/\/diarioregionaldigital.com.br\/index.php?rest_route=\/wp\/v2\/posts\/160101\/revisions"}],"wp:featuredmedia":[{"embeddable":true,"href":"https:\/\/diarioregionaldigital.com.br\/index.php?rest_route=\/wp\/v2\/media\/157655"}],"wp:attachment":[{"href":"https:\/\/diarioregionaldigital.com.br\/index.php?rest_route=%2Fwp%2Fv2%2Fmedia&parent=160101"}],"wp:term":[{"taxonomy":"category","embeddable":true,"href":"https:\/\/diarioregionaldigital.com.br\/index.php?rest_route=%2Fwp%2Fv2%2Fcategories&post=160101"},{"taxonomy":"post_tag","embeddable":true,"href":"https:\/\/diarioregionaldigital.com.br\/index.php?rest_route=%2Fwp%2Fv2%2Ftags&post=160101"}],"curies":[{"name":"wp","href":"https:\/\/api.w.org\/{rel}","templated":true}]}}