{"id":160097,"date":"2020-05-12T12:49:20","date_gmt":"2020-05-12T15:49:20","guid":{"rendered":"https:\/\/diarioregionaldigital.com.br\/?p=160097"},"modified":"2020-05-12T12:49:20","modified_gmt":"2020-05-12T15:49:20","slug":"prefeitura-do-rio-regulamenta-realizacao-de-testes-rapidos-em-farmacia","status":"publish","type":"post","link":"https:\/\/diarioregionaldigital.com.br\/?p=160097","title":{"rendered":"Prefeitura do Rio regulamenta realiza\u00e7\u00e3o de testes r\u00e1pidos em farm\u00e1cia"},"content":{"rendered":"<p>A Secretaria Municipal de Sa\u00fade do Rio de Janeiro regulamentou hoje (12) a realiza\u00e7\u00e3o de testes r\u00e1pidos para covid-19 em farm\u00e1cias, drogarias, consult\u00f3rios, cl\u00ednicas m\u00e9dicas e de imuniza\u00e7\u00e3o, laborat\u00f3rios de an\u00e1lises cl\u00ednicas e postos de coleta. Os testes s\u00f3 podem ser feitos em pessoas com quadro respirat\u00f3rio agudo, e os resultados devem ser notificados \u00e0s autoridades de sa\u00fade.<\/p>\n<p>A medida tem car\u00e1ter provis\u00f3rio e excepcional e somente estabelecimentos previamente licenciados pela Subsecretaria de Vigil\u00e2ncia Sanit\u00e1ria poder\u00e3o realizar os testes, que tamb\u00e9m precisam ser registrados pela Ag\u00eancia Nacional de Vigil\u00e2ncia Sanit\u00e1ria (Anvisa).<\/p>\n<p>O p\u00fablico-alvo dessa forma de testagem ser\u00e1, exclusivamente, &#8220;indiv\u00edduos com quadro respirat\u00f3rio agudo, caracterizado por sensa\u00e7\u00e3o febril ou febre, mesmo que relatada acompanhada de tosse, dor de garganta, coriza ou dificuldade respirat\u00f3ria&#8221;, explica a Secretaria Municipal de Sa\u00fade. Al\u00e9m disso, os sintomas devem ter come\u00e7ado h\u00e1 pelo menos oito dias.<\/p>\n<p>A regulamenta\u00e7\u00e3o inclui que &#8220;\u00e9 admiss\u00edvel que idosos eventualmente n\u00e3o apresentem febre, mas podem ter a concomit\u00e2ncia de outros sinais de agravamento como s\u00edncope, confus\u00e3o metal, sonol\u00eancia excessiva, irritabilidade e inapet\u00eancia&#8221;.<\/p>\n<p>A pessoa a ser testada precisa estar com m\u00e1scara, e os estabelecimentos devem disponibilizar \u00e1lcool 70% para a higieniza\u00e7\u00e3o das m\u00e3os. O fluxo de pessoas pelas \u00e1reas de atendimento, espera e pagamento deve respeitar ainda o distanciamento m\u00ednimo de dois metros.<\/p>\n<p>As farm\u00e1cias e drogarias devem dispor de \u00e1rea privativa para a realiza\u00e7\u00e3o do teste, garantindo a privacidade e o conforto dos usu\u00e1rios. O local da testagem deve contar com dispositivo para lavagem das m\u00e3os, dotado de dispensadores abastecidos com sab\u00e3o l\u00edquido e papel-toalha descart\u00e1vel, e lixeiras com tampa sem acionamento manual.<\/p>\n<p>Com a exce\u00e7\u00e3o de postos de coleta de laborat\u00f3rios, os estabelecimentos listados poder\u00e3o fazer a testagem r\u00e1pida por\u00a0<em>drive thru<\/em>\u00a0em estacionamentos de\u00a0<em>shopping centers<\/em>\u00a0ou de outros locais com estrutura apropriada, &#8220;desde que devidamente licenciados e dentro das normas t\u00e9cnicas, que asseguram condi\u00e7\u00f5es higi\u00eanico-sanit\u00e1rias e de biosseguran\u00e7a adequadas \u00e0 atividade&#8221;.<\/p>\n<p>Os equipamentos de prote\u00e7\u00e3o individual indicados para os trabalhadores s\u00e3o: avental, \u00f3culos de prote\u00e7\u00e3o ou protetor facial, luvas descart\u00e1veis, e m\u00e1scara N95 ou similar. No caso dos EPIs n\u00e3o descart\u00e1veis, dever\u00e1 haver um processo de desinfec\u00e7\u00e3o imediatamente ap\u00f3s serem retirados.<\/p>\n<p>A regulamenta\u00e7\u00e3o exige ainda que os funcion\u00e1rios passem por treinamento espec\u00edfico e com registro. O treinamento deve incluir atendimento, coleta de amostra biol\u00f3gica, utiliza\u00e7\u00e3o dos testes r\u00e1pidos para Covid-19, leitura, registros e notifica\u00e7\u00e3o dos resultados.<\/p>\n<p>&nbsp;<\/p>\n<p><strong>Fonte:\u00a0<\/strong>Ag\u00eancia Brasil<\/p>\n","protected":false},"excerpt":{"rendered":"<p>A Secretaria Municipal de Sa\u00fade do Rio de Janeiro regulamentou hoje (12) a realiza\u00e7\u00e3o de testes r\u00e1pidos para covid-19 em farm\u00e1cias, drogarias, consult\u00f3rios, cl\u00ednicas m\u00e9dicas e de imuniza\u00e7\u00e3o, laborat\u00f3rios de an\u00e1lises cl\u00ednicas e postos de coleta. Os testes s\u00f3 podem ser feitos em pessoas com quadro respirat\u00f3rio agudo, e os resultados devem ser notificados \u00e0s [&hellip;]<\/p>\n","protected":false},"author":96,"featured_media":160099,"comment_status":"closed","ping_status":"closed","sticky":false,"template":"","format":"standard","meta":{"footnotes":""},"categories":[302,436,439],"tags":[],"class_list":["post-160097","post","type-post","status-publish","format-standard","has-post-thumbnail","hentry","category-brasil-mundo","category-destaque-da-semana","category-ultima-hora"],"_links":{"self":[{"href":"https:\/\/diarioregionaldigital.com.br\/index.php?rest_route=\/wp\/v2\/posts\/160097","targetHints":{"allow":["GET"]}}],"collection":[{"href":"https:\/\/diarioregionaldigital.com.br\/index.php?rest_route=\/wp\/v2\/posts"}],"about":[{"href":"https:\/\/diarioregionaldigital.com.br\/index.php?rest_route=\/wp\/v2\/types\/post"}],"author":[{"embeddable":true,"href":"https:\/\/diarioregionaldigital.com.br\/index.php?rest_route=\/wp\/v2\/users\/96"}],"replies":[{"embeddable":true,"href":"https:\/\/diarioregionaldigital.com.br\/index.php?rest_route=%2Fwp%2Fv2%2Fcomments&post=160097"}],"version-history":[{"count":0,"href":"https:\/\/diarioregionaldigital.com.br\/index.php?rest_route=\/wp\/v2\/posts\/160097\/revisions"}],"wp:featuredmedia":[{"embeddable":true,"href":"https:\/\/diarioregionaldigital.com.br\/index.php?rest_route=\/wp\/v2\/media\/160099"}],"wp:attachment":[{"href":"https:\/\/diarioregionaldigital.com.br\/index.php?rest_route=%2Fwp%2Fv2%2Fmedia&parent=160097"}],"wp:term":[{"taxonomy":"category","embeddable":true,"href":"https:\/\/diarioregionaldigital.com.br\/index.php?rest_route=%2Fwp%2Fv2%2Fcategories&post=160097"},{"taxonomy":"post_tag","embeddable":true,"href":"https:\/\/diarioregionaldigital.com.br\/index.php?rest_route=%2Fwp%2Fv2%2Ftags&post=160097"}],"curies":[{"name":"wp","href":"https:\/\/api.w.org\/{rel}","templated":true}]}}