{"id":160094,"date":"2020-05-12T12:45:55","date_gmt":"2020-05-12T15:45:55","guid":{"rendered":"https:\/\/diarioregionaldigital.com.br\/?p=160094"},"modified":"2020-05-12T12:45:55","modified_gmt":"2020-05-12T15:45:55","slug":"japao-comeca-a-fornecer-antiviral-recem-aprovado-para-tratar-covid-19","status":"publish","type":"post","link":"https:\/\/diarioregionaldigital.com.br\/?p=160094","title":{"rendered":"Jap\u00e3o come\u00e7a a fornecer antiviral rec\u00e9m-aprovado para tratar covid-19"},"content":{"rendered":"<p>O ministro da Sa\u00fade, Trabalho e Bem-Estar Social do Jap\u00e3o, Kato Katsunobu, afirmou hoje (12)\u00a0que o governo come\u00e7ou a fornecer a rec\u00e9m-aprovada droga remdesivir a institui\u00e7\u00f5es m\u00e9dicas para o tratamento de pacientes com o novo coronav\u00edrus.<\/p>\n<p>Nesta ter\u00e7a-feira, Kato declarou que a entrega do antiviral fornecido por sua fabricante americana havia sido iniciada no dia anterior. O remdesivir \u00e9 o primeiro medicamento autorizado pelo Jap\u00e3o para o tratamento de pacientes com a covid-19. Sua aprova\u00e7\u00e3o foi acelerada na semana passada, ap\u00f3s somente tr\u00eas dias de avalia\u00e7\u00e3o, depois de a droga ter sido aprovada para uso emergencial nos Estados Unidos.<\/p>\n<p>O Minist\u00e9rio da Sa\u00fade do Jap\u00e3o planeja administrar o antiviral somente em pacientes com sintomas graves. Segundo o ministro Kato, as autoridades v\u00e3o checar dados dispon\u00edveis\u00a0<em>online<\/em>\u00a0sobre pacientes eleg\u00edveis em hospitais para que os suprimentos cheguem adequadamente aos que necessitam do medicamento.<\/p>\n<p>&nbsp;<\/p>\n<p><strong>Fonte:\u00a0<\/strong>Ag\u00eancia Brasil<\/p>\n","protected":false},"excerpt":{"rendered":"<p>O ministro da Sa\u00fade, Trabalho e Bem-Estar Social do Jap\u00e3o, Kato Katsunobu, afirmou hoje (12)\u00a0que o governo come\u00e7ou a fornecer a rec\u00e9m-aprovada droga remdesivir a institui\u00e7\u00f5es m\u00e9dicas para o tratamento de pacientes com o novo coronav\u00edrus. Nesta ter\u00e7a-feira, Kato declarou que a entrega do antiviral fornecido por sua fabricante americana havia sido iniciada no dia [&hellip;]<\/p>\n","protected":false},"author":96,"featured_media":160095,"comment_status":"closed","ping_status":"closed","sticky":false,"template":"","format":"standard","meta":{"footnotes":""},"categories":[302,436,439],"tags":[],"class_list":["post-160094","post","type-post","status-publish","format-standard","has-post-thumbnail","hentry","category-brasil-mundo","category-destaque-da-semana","category-ultima-hora"],"_links":{"self":[{"href":"https:\/\/diarioregionaldigital.com.br\/index.php?rest_route=\/wp\/v2\/posts\/160094","targetHints":{"allow":["GET"]}}],"collection":[{"href":"https:\/\/diarioregionaldigital.com.br\/index.php?rest_route=\/wp\/v2\/posts"}],"about":[{"href":"https:\/\/diarioregionaldigital.com.br\/index.php?rest_route=\/wp\/v2\/types\/post"}],"author":[{"embeddable":true,"href":"https:\/\/diarioregionaldigital.com.br\/index.php?rest_route=\/wp\/v2\/users\/96"}],"replies":[{"embeddable":true,"href":"https:\/\/diarioregionaldigital.com.br\/index.php?rest_route=%2Fwp%2Fv2%2Fcomments&post=160094"}],"version-history":[{"count":0,"href":"https:\/\/diarioregionaldigital.com.br\/index.php?rest_route=\/wp\/v2\/posts\/160094\/revisions"}],"wp:featuredmedia":[{"embeddable":true,"href":"https:\/\/diarioregionaldigital.com.br\/index.php?rest_route=\/wp\/v2\/media\/160095"}],"wp:attachment":[{"href":"https:\/\/diarioregionaldigital.com.br\/index.php?rest_route=%2Fwp%2Fv2%2Fmedia&parent=160094"}],"wp:term":[{"taxonomy":"category","embeddable":true,"href":"https:\/\/diarioregionaldigital.com.br\/index.php?rest_route=%2Fwp%2Fv2%2Fcategories&post=160094"},{"taxonomy":"post_tag","embeddable":true,"href":"https:\/\/diarioregionaldigital.com.br\/index.php?rest_route=%2Fwp%2Fv2%2Ftags&post=160094"}],"curies":[{"name":"wp","href":"https:\/\/api.w.org\/{rel}","templated":true}]}}