{"id":160082,"date":"2020-05-12T06:00:25","date_gmt":"2020-05-12T09:00:25","guid":{"rendered":"https:\/\/diarioregionaldigital.com.br\/?p=160082"},"modified":"2020-05-11T23:48:36","modified_gmt":"2020-05-12T02:48:36","slug":"par-refletir","status":"publish","type":"post","link":"https:\/\/diarioregionaldigital.com.br\/?p=160082","title":{"rendered":"Par Refletir"},"content":{"rendered":"<p style=\"text-align: center;\"><strong>Novos Voos<\/strong><\/p>\n<p style=\"text-align: center;\">Depois de realizar os mais lindos cerimoniais de eventos em Juiz de Fora, a empres\u00e1ria Drielli Vardiero aproveita a quarentena para repensar a atua\u00e7\u00e3o. Segundo burburinhos, o alvo da cerimonialista \u00e9 manter a pegada de eventos sustent\u00e1veis, mas dar novos passos no ramo corporativo.<\/p>\n<p style=\"text-align: center;\"><strong>No Lar<\/strong><\/p>\n<p style=\"text-align: center;\">Com uma vis\u00e3o diferenciada, o fisioterapeuta Guilherme Faria e o Educador F\u00edsico Everton Franco continuam estimulando os alunos do Batalh\u00e3o Training a praticarem atividades f\u00edsicas em casa. Ap\u00f3s a disponibiliza\u00e7\u00e3o de aulas on-line e gratuitas diariamente, os matriculados tamb\u00e9m podem pegar equipamentos para realizarem os exerc\u00edcios no conforto do lar.<\/p>\n<p style=\"text-align: center;\"><strong>Ajuda<\/strong><\/p>\n<p style=\"text-align: center;\">Em boa hora o Grupo Bahamas lan\u00e7ou nova campanha de solidariedade no combate ao novo Coronav\u00edrus. Em maio, junho e julho a empresa vai destinar o mesmo valor arrecadado no \u201cTroco Solid\u00e1rio\u201d, para institui\u00e7\u00f5es ligadas ao combate da Covid-19 em Juiz de Fora e regi\u00e3o.<\/p>\n<p style=\"text-align: center;\"><strong>Viajar sem sair de Casa<\/strong><\/p>\n<p style=\"text-align: center;\">Diante do quadro de pandemia instaurado no Brasil, um dos principais setores que tem se reinventado \u00e9 o de turismo e viagens. A empres\u00e1ria Thain\u00e1 Magalh\u00e3es propriet\u00e1ria da Ag\u00eancia Um Sonho, Duas Mochilas, adotou a Campanha Viajar sem sair de Casa onde o p\u00fablico compartilha experi\u00eancias de expedi\u00e7\u00f5es, fotos v\u00eddeos e depoimentos relembrando as melhores hist\u00f3rias.<\/p>\n<p style=\"text-align: center;\"><strong>Festa em Casa<\/strong><\/p>\n<p style=\"text-align: center;\">Brindar com amigos via Houseparty ou Zoom j\u00e1 virou um cl\u00e1ssico das festinhas em tempos de distanciamento social. Doceiros, decoradores e floristas de Juiz de Fora se adequam aos novos tempos com delivery para comemora\u00e7\u00f5es na quarentena. Tem de tudo desde as del\u00edcias dos doces de Erika Stephan as salgadas de M\u00e1rcio Marques, que reinventaram o prazer de celebrar em casa.<\/p>\n<p style=\"text-align: center;\"><strong>Alerta<\/strong><\/p>\n<p style=\"text-align: center;\">Embora ainda esteja em car\u00e1ter experimental, a Prefeitura de Juiz de Fora j\u00e1 est\u00e1 verificando, em parceria com as operadoras de telefonia celular, o fluxo de pessoas na ruas. O aplicativo poder\u00e1 ser uma ferramenta importante na flexibiliza\u00e7\u00e3o do comercio, pois dar\u00e1, em tempo real, \u00e0 Municipalidade informa\u00e7\u00f5es sobre o movimento de pessoas em determinada regi\u00e3o.<\/p>\n<p style=\"text-align: center;\"><strong>Estrela da Quarentena<\/strong><\/p>\n<p style=\"text-align: center;\">A pandemia do Coronav\u00edrus Est\u00e1 ampliando a quantidade de pedidos de delivery das padarias e o n\u00famero de pessoas fazendo p\u00e3o em casa. Fornadas que esgotam e clientes fazendo assinatura mensal, a Padaria Linda na rua S\u00e3o Jo\u00e3o provoca desejo no isolamento.<\/p>\n<p style=\"text-align: center;\"><strong>Na Crise<\/strong><\/p>\n<p style=\"text-align: center;\">Causando impacto o projeto do Grupo Larch com apoio do Grupo Solar que lan\u00e7ou lives com o objetivo de promover encontros e compartilhar conte\u00fados que possam ajudar os empres\u00e1rios para superar a crise do Coronav\u00edrus. Ponto para Luciano Larcher. (CEO do Grupo Larch)<\/p>\n<p style=\"text-align: center;\"><span style=\"font-size: 14pt;\"><strong>Par Refletir<\/strong><\/span><\/p>\n<p style=\"text-align: center;\">O futuro parece n\u00e3o chegar nunca, claro, pois ele depende de educa\u00e7\u00e3o. Instruir- se \u00e9 conhecer-se, e \u00e9 imposs\u00edvel seguir adiante sem tentar corrigir o que se passou mas c\u00e1 est\u00e1, pulsante e com todas as suas consequ\u00eancias. Temos que rever a rota enquanto o avi\u00e3o est\u00e1 no ch\u00e3o, e ter f\u00e9 em Deus e p\u00e9 na t\u00e1bua.<\/p>\n<div id=\"attachment_160073\" style=\"width: 690px\" class=\"wp-caption aligncenter\"><img loading=\"lazy\" decoding=\"async\" aria-describedby=\"caption-attachment-160073\" class=\"wp-image-160073\" src=\"https:\/\/diarioregionaldigital.com.br\/wp-content\/uploads\/2020\/05\/fotoa-6-e1589250726723.jpg\" alt=\"\" width=\"680\" height=\"522\" srcset=\"https:\/\/diarioregionaldigital.com.br\/wp-content\/uploads\/2020\/05\/fotoa-6-e1589250726723.jpg 720w, https:\/\/diarioregionaldigital.com.br\/wp-content\/uploads\/2020\/05\/fotoa-6-e1589250726723-300x230.jpg 300w, https:\/\/diarioregionaldigital.com.br\/wp-content\/uploads\/2020\/05\/fotoa-6-e1589250726723-360x277.jpg 360w\" sizes=\"auto, (max-width: 680px) 100vw, 680px\" \/><p id=\"caption-attachment-160073\" class=\"wp-caption-text\">A elegante Juliana Hollanda Batitucci \u00e9 a aniversariante de destaque da temporada social<\/p><\/div>\n<div id=\"attachment_160074\" style=\"width: 690px\" class=\"wp-caption aligncenter\"><img loading=\"lazy\" decoding=\"async\" aria-describedby=\"caption-attachment-160074\" class=\"wp-image-160074\" src=\"https:\/\/diarioregionaldigital.com.br\/wp-content\/uploads\/2020\/05\/fotob-6-e1589250764537.jpg\" alt=\"\" width=\"680\" height=\"486\" srcset=\"https:\/\/diarioregionaldigital.com.br\/wp-content\/uploads\/2020\/05\/fotob-6-e1589250764537.jpg 852w, https:\/\/diarioregionaldigital.com.br\/wp-content\/uploads\/2020\/05\/fotob-6-e1589250764537-300x214.jpg 300w, https:\/\/diarioregionaldigital.com.br\/wp-content\/uploads\/2020\/05\/fotob-6-e1589250764537-768x549.jpg 768w, https:\/\/diarioregionaldigital.com.br\/wp-content\/uploads\/2020\/05\/fotob-6-e1589250764537-360x257.jpg 360w, https:\/\/diarioregionaldigital.com.br\/wp-content\/uploads\/2020\/05\/fotob-6-e1589250764537-100x70.jpg 100w\" sizes=\"auto, (max-width: 680px) 100vw, 680px\" \/><p id=\"caption-attachment-160074\" class=\"wp-caption-text\">O jornalista Talison Vardiero exibe look da nova cole\u00e7\u00e3o outono-inverno para a loja M.Marques<\/p><\/div>\n<div id=\"attachment_160075\" style=\"width: 690px\" class=\"wp-caption aligncenter\"><img loading=\"lazy\" decoding=\"async\" aria-describedby=\"caption-attachment-160075\" class=\"wp-image-160075\" src=\"https:\/\/diarioregionaldigital.com.br\/wp-content\/uploads\/2020\/05\/fotoc-e1589250968956.jpeg\" alt=\"\" width=\"680\" height=\"513\" srcset=\"https:\/\/diarioregionaldigital.com.br\/wp-content\/uploads\/2020\/05\/fotoc-e1589250968956.jpeg 714w, https:\/\/diarioregionaldigital.com.br\/wp-content\/uploads\/2020\/05\/fotoc-e1589250968956-300x226.jpeg 300w, https:\/\/diarioregionaldigital.com.br\/wp-content\/uploads\/2020\/05\/fotoc-e1589250968956-360x272.jpeg 360w\" sizes=\"auto, (max-width: 680px) 100vw, 680px\" \/><p id=\"caption-attachment-160075\" class=\"wp-caption-text\">A bela administradora de empresas Andresa Dias, exibe gra\u00e7a e charme total em seu isolamento social<\/p><\/div>\n<div id=\"attachment_160076\" style=\"width: 690px\" class=\"wp-caption aligncenter\"><img loading=\"lazy\" decoding=\"async\" aria-describedby=\"caption-attachment-160076\" class=\"wp-image-160076\" src=\"https:\/\/diarioregionaldigital.com.br\/wp-content\/uploads\/2020\/05\/fotod-e1589251000541.jpeg\" alt=\"\" width=\"680\" height=\"481\" srcset=\"https:\/\/diarioregionaldigital.com.br\/wp-content\/uploads\/2020\/05\/fotod-e1589251000541.jpeg 978w, https:\/\/diarioregionaldigital.com.br\/wp-content\/uploads\/2020\/05\/fotod-e1589251000541-300x212.jpeg 300w, https:\/\/diarioregionaldigital.com.br\/wp-content\/uploads\/2020\/05\/fotod-e1589251000541-768x543.jpeg 768w, https:\/\/diarioregionaldigital.com.br\/wp-content\/uploads\/2020\/05\/fotod-e1589251000541-750x530.jpeg 750w, https:\/\/diarioregionaldigital.com.br\/wp-content\/uploads\/2020\/05\/fotod-e1589251000541-360x255.jpeg 360w, https:\/\/diarioregionaldigital.com.br\/wp-content\/uploads\/2020\/05\/fotod-e1589251000541-100x70.jpeg 100w\" sizes=\"auto, (max-width: 680px) 100vw, 680px\" \/><p id=\"caption-attachment-160076\" class=\"wp-caption-text\">Lindos guerreiros da \u201cCampanha Quarentena Solid\u00e1ria da Meg\u201d,estrelada por Thenner Freitas, Meg Cruz e Alberto Ribeiro Mendes<\/p><\/div>\n<div id=\"attachment_160077\" style=\"width: 690px\" class=\"wp-caption aligncenter\"><img loading=\"lazy\" decoding=\"async\" aria-describedby=\"caption-attachment-160077\" class=\"wp-image-160077\" src=\"https:\/\/diarioregionaldigital.com.br\/wp-content\/uploads\/2020\/05\/fotoe-6-e1589251068834.jpg\" alt=\"\" width=\"680\" height=\"517\" srcset=\"https:\/\/diarioregionaldigital.com.br\/wp-content\/uploads\/2020\/05\/fotoe-6-e1589251068834.jpg 1751w, https:\/\/diarioregionaldigital.com.br\/wp-content\/uploads\/2020\/05\/fotoe-6-e1589251068834-300x228.jpg 300w, https:\/\/diarioregionaldigital.com.br\/wp-content\/uploads\/2020\/05\/fotoe-6-e1589251068834-768x583.jpg 768w, https:\/\/diarioregionaldigital.com.br\/wp-content\/uploads\/2020\/05\/fotoe-6-e1589251068834-1024x778.jpg 1024w, https:\/\/diarioregionaldigital.com.br\/wp-content\/uploads\/2020\/05\/fotoe-6-e1589251068834-360x273.jpg 360w\" sizes=\"auto, (max-width: 680px) 100vw, 680px\" \/><p id=\"caption-attachment-160077\" class=\"wp-caption-text\">Em isolamento social em paz, o charmoso militar e flamenguista Carlos Sacchi<\/p><\/div>\n<p style=\"text-align: center;\"><strong>FOTOSS\u00cdNTESE<\/strong><\/p>\n<p>Em coletiva realizada na sede da Associa\u00e7\u00e3o Comercial e Empresarial de Juiz de Fora, o G12, grupo das entidades patronais de Juiz de Fora, estiveram reunidos e apontaram dificuldades financeiras diante da extens\u00e3o do per\u00edodo de quarentena.<\/p>\n<p>Em devido a pandemia do novo Coronav\u00edrus, o JF Open de Badminton \u00e9 adiado para julho. Se realizada em nova data, sexta edi\u00e7\u00e3o do torneio ter\u00e1 participa\u00e7\u00f5es restrita a jovens.<\/p>\n<p>O Tribunal Regional Eleitoral (TER-MG) j\u00e1 come\u00e7ou as sess\u00f5es de julgamento por videoconfer\u00eancia. Para agilizar est\u00e1 sendo utilizado o aplicativo Zoom Cloud Meeting.<\/p>\n<p>Causando impacto nos jovens a ONG LiveLab com Lorena Gotelip. A X-Lab de Juiz de Fora, lan\u00e7ou o game Opera\u00e7\u00e3o Antiv\u00edrus \u2013X sendo a sensa\u00e7\u00e3o do momento.<\/p>\n<p>Para atrair turistas para a serra em meio ao isolamento social foi lan\u00e7ada a iniciativa \u201cPetr\u00f3polis em Dobro\u201d. A iniciativa \u00e9 comandada pelo Petr\u00f3polis Convention &amp; Visitors Bureau.<\/p>\n<p>Dica: a Roupa, para quem est\u00e1 em home-office \u00e9 aquela que deixa a pessoa confort\u00e1vel. Mas n\u00e3o passe o dia todo de pijama, pois pode incentivar a dormir. A ordem \u00e9 produzir.<\/p>\n<p>Em boa hora a Prefeitura de Juiz de Fora, por meio de um conv\u00eanio com o Minist\u00e9rio dos Esportes deu in\u00edcio a uma licita\u00e7\u00e3o que prev\u00ea reformas na Pra\u00e7a Jeremias Garcia, no Bairro Benfica.<\/p>\n<p>Com equipe especializada, o Lemos Laborat\u00f3rio est\u00e1 atuando com a realiza\u00e7\u00e3o do exame RT-PCR, para a detec\u00e7\u00e3o da covid-19. Ponto para Anibal Lemos e L\u00facio Lemos.<\/p>\n<p>Para dedicar: S\u00e3o nos momentos dif\u00edceis que podemos nos tornar grandes, praticando a solidariedade. Bom dia.<\/p>\n<p><img loading=\"lazy\" decoding=\"async\" class=\"aligncenter size-full wp-image-160084\" src=\"https:\/\/diarioregionaldigital.com.br\/wp-content\/uploads\/2020\/05\/anuncio44.jpg\" alt=\"\" width=\"3516\" height=\"1356\" srcset=\"https:\/\/diarioregionaldigital.com.br\/wp-content\/uploads\/2020\/05\/anuncio44.jpg 3516w, https:\/\/diarioregionaldigital.com.br\/wp-content\/uploads\/2020\/05\/anuncio44-300x116.jpg 300w, https:\/\/diarioregionaldigital.com.br\/wp-content\/uploads\/2020\/05\/anuncio44-768x296.jpg 768w, https:\/\/diarioregionaldigital.com.br\/wp-content\/uploads\/2020\/05\/anuncio44-1024x395.jpg 1024w, https:\/\/diarioregionaldigital.com.br\/wp-content\/uploads\/2020\/05\/anuncio44-360x139.jpg 360w\" sizes=\"auto, (max-width: 3516px) 100vw, 3516px\" \/><\/p>\n","protected":false},"excerpt":{"rendered":"<p>Novos Voos Depois de realizar os mais lindos cerimoniais de eventos em Juiz de Fora, a empres\u00e1ria Drielli Vardiero aproveita a quarentena para repensar a atua\u00e7\u00e3o. Segundo burburinhos, o alvo da cerimonialista \u00e9 manter a pegada de eventos sustent\u00e1veis, mas dar novos passos no ramo corporativo. No Lar Com uma vis\u00e3o diferenciada, o fisioterapeuta Guilherme [&hellip;]<\/p>\n","protected":false},"author":96,"featured_media":160073,"comment_status":"closed","ping_status":"closed","sticky":false,"template":"","format":"standard","meta":{"footnotes":""},"categories":[264],"tags":[],"class_list":["post-160082","post","type-post","status-publish","format-standard","has-post-thumbnail","hentry","category-eduardo-gomes"],"_links":{"self":[{"href":"https:\/\/diarioregionaldigital.com.br\/index.php?rest_route=\/wp\/v2\/posts\/160082","targetHints":{"allow":["GET"]}}],"collection":[{"href":"https:\/\/diarioregionaldigital.com.br\/index.php?rest_route=\/wp\/v2\/posts"}],"about":[{"href":"https:\/\/diarioregionaldigital.com.br\/index.php?rest_route=\/wp\/v2\/types\/post"}],"author":[{"embeddable":true,"href":"https:\/\/diarioregionaldigital.com.br\/index.php?rest_route=\/wp\/v2\/users\/96"}],"replies":[{"embeddable":true,"href":"https:\/\/diarioregionaldigital.com.br\/index.php?rest_route=%2Fwp%2Fv2%2Fcomments&post=160082"}],"version-history":[{"count":0,"href":"https:\/\/diarioregionaldigital.com.br\/index.php?rest_route=\/wp\/v2\/posts\/160082\/revisions"}],"wp:featuredmedia":[{"embeddable":true,"href":"https:\/\/diarioregionaldigital.com.br\/index.php?rest_route=\/wp\/v2\/media\/160073"}],"wp:attachment":[{"href":"https:\/\/diarioregionaldigital.com.br\/index.php?rest_route=%2Fwp%2Fv2%2Fmedia&parent=160082"}],"wp:term":[{"taxonomy":"category","embeddable":true,"href":"https:\/\/diarioregionaldigital.com.br\/index.php?rest_route=%2Fwp%2Fv2%2Fcategories&post=160082"},{"taxonomy":"post_tag","embeddable":true,"href":"https:\/\/diarioregionaldigital.com.br\/index.php?rest_route=%2Fwp%2Fv2%2Ftags&post=160082"}],"curies":[{"name":"wp","href":"https:\/\/api.w.org\/{rel}","templated":true}]}}