{"id":160080,"date":"2020-05-11T22:05:09","date_gmt":"2020-05-12T01:05:09","guid":{"rendered":"https:\/\/diarioregionaldigital.com.br\/?p=160080"},"modified":"2020-05-11T22:05:09","modified_gmt":"2020-05-12T01:05:09","slug":"covid-19-brasil-tem-168-mil-casos-confirmados-e-115-mil-mortes","status":"publish","type":"post","link":"https:\/\/diarioregionaldigital.com.br\/?p=160080","title":{"rendered":"Covid-19: Brasil tem 168 mil casos confirmados e 11,5 mil mortes"},"content":{"rendered":"<p>O Brasil chegou aos 168.331 casos confirmados e a 11.519 mortes pela covid-19. As informa\u00e7\u00f5es &#8211; disponibilizadas hoje (11) pelo Minist\u00e9rio da Sa\u00fade no balan\u00e7o di\u00e1rio da pasta sobre a pandemia do novo coronav\u00edrus &#8211; mostram que 69.232 pacientes est\u00e3o recuperados.<\/p>\n<p>Nas \u00faltimas 24h, foram 5.632 novos registros de pessoas infectadas, um aumento de 3,4% em rela\u00e7\u00e3o a\u00a0<span id=\"OBJ_PREFIX_DWT222_com_zimbra_date\" role=\"link\"><span id=\"OBJ_PREFIX_DWT226_com_zimbra_date\" role=\"link\">ontem<\/span><\/span>, quando foram contabilizadas 162.699 pessoas nessa condi\u00e7\u00e3o. J\u00e1 as novas mortes na atualiza\u00e7\u00e3o somaram 396, um acr\u00e9scimo de 3,5% em rela\u00e7\u00e3o a\u00a0<span id=\"OBJ_PREFIX_DWT223_com_zimbra_date\" role=\"link\"><span id=\"OBJ_PREFIX_DWT227_com_zimbra_date\" role=\"link\">ontem<\/span><\/span>, quando o balan\u00e7o trouxe 11.123 falecimentos por covid-19.<\/p>\n<p>A taxa de letalidade ficou em 6,8%. Do total de casos confirmados, 82.344 est\u00e3o em acompanhamento e 69.232 foram recuperados. O Minist\u00e9rio da Sa\u00fade n\u00e3o divulgou\u00a0<span id=\"OBJ_PREFIX_DWT224_com_zimbra_date\" role=\"link\"><span id=\"OBJ_PREFIX_DWT228_com_zimbra_date\" role=\"link\">hoje<\/span><\/span>\u00a0as mortes em investiga\u00e7\u00e3o, como vinha fazendo at\u00e9 a semana passada.<\/p>\n<p>S\u00e3o Paulo se mant\u00e9m como epicentro da pandemia no pa\u00eds, concentrando o maior n\u00famero de falecimentos (3.743). O estado \u00e9 seguido pelo Rio<span id=\"OBJ_PREFIX_DWT225_com_zimbra_date\" role=\"link\">\u00a0de Janeiro<\/span>\u00a0(1.770), Cear\u00e1 (1.189), Pernambuco (1.087) e Amazonas (1.035).<\/p>\n<p>Al\u00e9m disso, foram registradas mortes no Par\u00e1 (708), Maranh\u00e3o (399), Bahia (211), Esp\u00edrito Santo (196), Minas Gerais (121), Para\u00edba (139), Alagoas (138), Paran\u00e1 (111), Rio Grande do Sul (105), Rio Grande do Norte (92), Santa Catarina (69), Amap\u00e1 (73), Goi\u00e1s (49), Rond\u00f4nia (47), Acre (45), Piau\u00ed (45), Distrito Federal (44), Sergipe (37), Roraima (24), Mato Grosso (19), Mato Grosso do Sul (11) e Tocantins (12).<\/p>\n<p><strong>Balan\u00e7o<\/strong><\/p>\n<p>O secret\u00e1rio executivo do Minist\u00e9rio da Sa\u00fade, Eduardo Pazuello, fez um balan\u00e7o de investimentos e medidas adotadas nestes pouco mais de dois meses desde a notifica\u00e7\u00e3o do primeiro de covid-19 caso no pa\u00eds. Segundo ele, foram repassados a estados e munic\u00edpios R$ 5,3 bilh\u00f5es especificamente para covid-19, sendo R$ 2,1 bilh\u00f5es para estados, R$ 2,2 bilh\u00f5es para munic\u00edpios e R$ 1 bilh\u00e3o para capitais.<\/p>\n<p>Em rela\u00e7\u00e3o a suprimentos, foram encaminhados 83 milh\u00f5es de itens de equipamentos de prote\u00e7\u00e3o individual (EPIs), que custaram R$ 224 milh\u00f5es. J\u00e1 no que tange aos testes, foram disponibilizados 4,7 milh\u00f5es de kits de testes r\u00e1pidos (sorol\u00f3gicos) e 2,1 milh\u00f5es kits de testes laboratoriais (PCR).<\/p>\n<p>At\u00e9 o momento, foram repassados 557 respiradores. O secret\u00e1rio executivo lembrou que houve uma tentativa de adquirir 15 mil respiradores de um fornecedor chin\u00eas, mas este n\u00e3o teve condi\u00e7\u00f5es de assegurar o carregamento, o que levou o governo a cancelar a transa\u00e7\u00e3o.<\/p>\n<p>Diante disso, o Minist\u00e9rio da Sa\u00fade\u00a0foi buscar com empresas brasileiras a compra de respiradores. Foi feita uma atua\u00e7\u00e3o juntamente a companhias nacionais, com o intuito de adquirir at\u00e9 16 mil equipamentos entre maio de julho. \u201cAs empresas n\u00e3o tinham inicialmente condi\u00e7\u00e3o de se estruturar nas suas plantas. Eram empresas de pequeno porte e tiveram que se adequar e para isso. O minist\u00e9rio aportou recurso para contribuir com isso\u201d, relatou Pazuello.<\/p>\n<p>&nbsp;<\/p>\n<p><strong>Fonte:\u00a0<\/strong>Ag\u00eancia Brasil<\/p>\n","protected":false},"excerpt":{"rendered":"<p>O Brasil chegou aos 168.331 casos confirmados e a 11.519 mortes pela covid-19. As informa\u00e7\u00f5es &#8211; disponibilizadas hoje (11) pelo Minist\u00e9rio da Sa\u00fade no balan\u00e7o di\u00e1rio da pasta sobre a pandemia do novo coronav\u00edrus &#8211; mostram que 69.232 pacientes est\u00e3o recuperados. Nas \u00faltimas 24h, foram 5.632 novos registros de pessoas infectadas, um aumento de 3,4% [&hellip;]<\/p>\n","protected":false},"author":96,"featured_media":158359,"comment_status":"closed","ping_status":"closed","sticky":false,"template":"","format":"standard","meta":{"footnotes":""},"categories":[302,436,440,439],"tags":[],"class_list":["post-160080","post","type-post","status-publish","format-standard","has-post-thumbnail","hentry","category-brasil-mundo","category-destaque-da-semana","category-destaques-do-dia","category-ultima-hora"],"_links":{"self":[{"href":"https:\/\/diarioregionaldigital.com.br\/index.php?rest_route=\/wp\/v2\/posts\/160080","targetHints":{"allow":["GET"]}}],"collection":[{"href":"https:\/\/diarioregionaldigital.com.br\/index.php?rest_route=\/wp\/v2\/posts"}],"about":[{"href":"https:\/\/diarioregionaldigital.com.br\/index.php?rest_route=\/wp\/v2\/types\/post"}],"author":[{"embeddable":true,"href":"https:\/\/diarioregionaldigital.com.br\/index.php?rest_route=\/wp\/v2\/users\/96"}],"replies":[{"embeddable":true,"href":"https:\/\/diarioregionaldigital.com.br\/index.php?rest_route=%2Fwp%2Fv2%2Fcomments&post=160080"}],"version-history":[{"count":0,"href":"https:\/\/diarioregionaldigital.com.br\/index.php?rest_route=\/wp\/v2\/posts\/160080\/revisions"}],"wp:featuredmedia":[{"embeddable":true,"href":"https:\/\/diarioregionaldigital.com.br\/index.php?rest_route=\/wp\/v2\/media\/158359"}],"wp:attachment":[{"href":"https:\/\/diarioregionaldigital.com.br\/index.php?rest_route=%2Fwp%2Fv2%2Fmedia&parent=160080"}],"wp:term":[{"taxonomy":"category","embeddable":true,"href":"https:\/\/diarioregionaldigital.com.br\/index.php?rest_route=%2Fwp%2Fv2%2Fcategories&post=160080"},{"taxonomy":"post_tag","embeddable":true,"href":"https:\/\/diarioregionaldigital.com.br\/index.php?rest_route=%2Fwp%2Fv2%2Ftags&post=160080"}],"curies":[{"name":"wp","href":"https:\/\/api.w.org\/{rel}","templated":true}]}}