{"id":160072,"date":"2020-05-11T19:08:07","date_gmt":"2020-05-11T22:08:07","guid":{"rendered":"https:\/\/diarioregionaldigital.com.br\/?p=160072"},"modified":"2020-05-11T19:08:07","modified_gmt":"2020-05-11T22:08:07","slug":"homem-e-preso-por-porte-ilegal-de-arma-de-fogo-no-municipio-de-chacara","status":"publish","type":"post","link":"https:\/\/diarioregionaldigital.com.br\/?p=160072","title":{"rendered":"Homem \u00e9 preso por porte ilegal de arma de fogo no munic\u00edpio de Ch\u00e1cara"},"content":{"rendered":"<p>Um homem de 46 anos foi preso pela Pol\u00edcia Militar (PM), por porte ilegal de arma de fogo no munic\u00edpio de Ch\u00e1cara. Atrav\u00e9s de uma den\u00fancia dos moradores, o autor estaria guardando armas dentro de sua resid\u00eancia. Com endere\u00e7o em m\u00e3os, a PM foi at\u00e9 o local e foi recebida pelo autor e ao ser questionado pelos policiais, ele negou estar guardando armas em sua resid\u00eancia.<\/p>\n<p>Instantes depois, populares informaram que as armas estariam guardadas em um outro local, onde est\u00e1 sendo constru\u00edda uma casa e acompanhado do irm\u00e3o e do autor, a guarni\u00e7\u00e3o foi at\u00e9 o endere\u00e7o informado. No local, foram encontrados uma espingarda calibre 36, uma garrucha de dois canos sem numera\u00e7\u00e3o vis\u00edvel, tr\u00eas potes contendo p\u00f3lvora especial para cartuchos de ca\u00e7a, quatro escopetas para cartuchos pl\u00e1sticos, doze cartuchos intactos de arma de fogo, dois cartuchos calibre 28 intactos e al\u00e9m dois cartuchos vazios semi-carregados de chumbo granulado.<\/p>\n<p>O indiv\u00edduo foi preso em flagrante e os materiais foram apreendidos.<\/p>\n","protected":false},"excerpt":{"rendered":"<p>Um homem de 46 anos foi preso pela Pol\u00edcia Militar (PM), por porte ilegal de arma de fogo no munic\u00edpio de Ch\u00e1cara. Atrav\u00e9s de uma den\u00fancia dos moradores, o autor estaria guardando armas dentro de sua resid\u00eancia. Com endere\u00e7o em m\u00e3os, a PM foi at\u00e9 o local e foi recebida pelo autor e ao ser [&hellip;]<\/p>\n","protected":false},"author":96,"featured_media":160078,"comment_status":"closed","ping_status":"closed","sticky":false,"template":"","format":"standard","meta":{"footnotes":""},"categories":[301,436,439],"tags":[],"class_list":["post-160072","post","type-post","status-publish","format-standard","has-post-thumbnail","hentry","category-artigos-policiais","category-destaque-da-semana","category-ultima-hora"],"_links":{"self":[{"href":"https:\/\/diarioregionaldigital.com.br\/index.php?rest_route=\/wp\/v2\/posts\/160072","targetHints":{"allow":["GET"]}}],"collection":[{"href":"https:\/\/diarioregionaldigital.com.br\/index.php?rest_route=\/wp\/v2\/posts"}],"about":[{"href":"https:\/\/diarioregionaldigital.com.br\/index.php?rest_route=\/wp\/v2\/types\/post"}],"author":[{"embeddable":true,"href":"https:\/\/diarioregionaldigital.com.br\/index.php?rest_route=\/wp\/v2\/users\/96"}],"replies":[{"embeddable":true,"href":"https:\/\/diarioregionaldigital.com.br\/index.php?rest_route=%2Fwp%2Fv2%2Fcomments&post=160072"}],"version-history":[{"count":0,"href":"https:\/\/diarioregionaldigital.com.br\/index.php?rest_route=\/wp\/v2\/posts\/160072\/revisions"}],"wp:featuredmedia":[{"embeddable":true,"href":"https:\/\/diarioregionaldigital.com.br\/index.php?rest_route=\/wp\/v2\/media\/160078"}],"wp:attachment":[{"href":"https:\/\/diarioregionaldigital.com.br\/index.php?rest_route=%2Fwp%2Fv2%2Fmedia&parent=160072"}],"wp:term":[{"taxonomy":"category","embeddable":true,"href":"https:\/\/diarioregionaldigital.com.br\/index.php?rest_route=%2Fwp%2Fv2%2Fcategories&post=160072"},{"taxonomy":"post_tag","embeddable":true,"href":"https:\/\/diarioregionaldigital.com.br\/index.php?rest_route=%2Fwp%2Fv2%2Ftags&post=160072"}],"curies":[{"name":"wp","href":"https:\/\/api.w.org\/{rel}","templated":true}]}}