{"id":160064,"date":"2020-05-11T18:07:11","date_gmt":"2020-05-11T21:07:11","guid":{"rendered":"https:\/\/diarioregionaldigital.com.br\/?p=160064"},"modified":"2020-05-11T18:07:11","modified_gmt":"2020-05-11T21:07:11","slug":"comite-brasileiro-de-clubes-anuncia-edital-de-r-130-milhoes-para-contratacao-de-equipes-multidisciplinares","status":"publish","type":"post","link":"https:\/\/diarioregionaldigital.com.br\/?p=160064","title":{"rendered":"Comit\u00ea Brasileiro de Clubes anuncia edital de R$ 130 milh\u00f5es para contrata\u00e7\u00e3o de equipes multidisciplinares"},"content":{"rendered":"<p>Com o cen\u00e1rio mundial altamente impactado pelo novo coronav\u00edrus, o segmento esportivo nacional sinalizou a preocupa\u00e7\u00e3o em como manter equipes t\u00e9cnicas e garantir a manuten\u00e7\u00e3o do projeto de forma\u00e7\u00e3o de atletas ol\u00edmpicos. Como uma das respostas institucionais, o Comit\u00ea Brasileiro de Clubes (CBC) anunciou, na \u00faltima segunda-feira (4), a antecipa\u00e7\u00e3o do Edital n\u00ba 08, destinado \u00e0 viabiliza\u00e7\u00e3o de Equipe T\u00e9cnica e Multidisciplinar vinculada \u00e0 forma\u00e7\u00e3o de atletas ol\u00edmpicos e paral\u00edmpicos, com aporte de R$ 130 milh\u00f5es especialmente para apoiar os clubes filiados na contrata\u00e7\u00e3o e na manuten\u00e7\u00e3o de profissionais para o pr\u00f3ximo ciclo ol\u00edmpico\/paral\u00edmpico.<\/p>\n<p>O Edital N\u00ba 8 apresenta premissas como a estabilidade do Programa de Forma\u00e7\u00e3o de Atletas Ol\u00edmpicos e Paral\u00edmpicos, a possibilidade de inclus\u00e3o de profissionais para a Categoria Principal, al\u00e9m do repasse de recursos baseado em meritocracia. O edital, segundo o CBC, simplificou e desburocratizou meios e ferramentas para formaliza\u00e7\u00e3o, monitoramento da execu\u00e7\u00e3o e presta\u00e7\u00e3o de contas dos recursos.<\/p>\n<p>\u201cFoi pensando em quem est\u00e1 na linha de frente da forma\u00e7\u00e3o de atletas ol\u00edmpicos e paral\u00edmpicos que trabalhamos para antecipar o Edital n\u00ba 08. De forma acess\u00edvel e pr\u00e1tica, os clubes formadores de atletas ter\u00e3o um f\u00f4lego necess\u00e1rio para superar mais esta fase e ampliar as garantias de contrata\u00e7\u00e3o e manuten\u00e7\u00e3o dos profissionais. Sabemos que a forma\u00e7\u00e3o de atletas requer planejamento cont\u00ednuo e alicer\u00e7ado para todo o ciclo ol\u00edmpico\u201d, afirma Arialdo Boscolo, presidente do Conselho Consultivo do Comit\u00ea Brasileiro de Clubes.<\/p>\n<p>Desses R$ 130 milh\u00f5es, pelo menos R$ 24 milh\u00f5es s\u00e3o destinados especificamente ao esporte paral\u00edmpico. O edital traz ainda outro diferencial para estimular o desenvolvimento do paradesporto, com o acr\u00e9scimo autom\u00e1tico de 15% sobre os valores que atualmente o clube executa no esporte ol\u00edmpico. Com isso, clubes que porventura n\u00e3o atendam a todos os requisitos de acessibilidade em suas sedes podem fazer parcerias com entidades especializadas para desenvolver modalidades do programa paral\u00edmpico.<\/p>\n<p>\u201cEssa antecipa\u00e7\u00e3o do edital vem no momento certo, e o CBC, na figura de seu presidente Jair Alfredo Pereira, merece os nossos elogios. Ela se casa bem com uma s\u00e9rie de iniciativas que n\u00f3s, aqui no Governo Federal, temos tomado no per\u00edodo da pandemia, como os ajustes para flexibilizar prazos de presta\u00e7\u00f5es de contas de entidades, a extens\u00e3o de per\u00edodo de capta\u00e7\u00e3o da Lei de Incentivo e a garantia de manuten\u00e7\u00e3o da Bolsa Atleta e da Bolsa P\u00f3dio, mesmo num per\u00edodo em que os esportistas est\u00e3o com dificuldades de manter o ritmo de treinamento e em que as competi\u00e7\u00f5es s\u00e3o adiadas ou canceladas\u201d, afirmou o secret\u00e1rio especial do Esporte, Marcelo Magalh\u00e3es.<\/p>\n<p>&nbsp;<\/p>\n<p><strong>Fonte:<\/strong>\u00a0Assessoria<\/p>\n","protected":false},"excerpt":{"rendered":"<p>Com o cen\u00e1rio mundial altamente impactado pelo novo coronav\u00edrus, o segmento esportivo nacional sinalizou a preocupa\u00e7\u00e3o em como manter equipes t\u00e9cnicas e garantir a manuten\u00e7\u00e3o do projeto de forma\u00e7\u00e3o de atletas ol\u00edmpicos. Como uma das respostas institucionais, o Comit\u00ea Brasileiro de Clubes (CBC) anunciou, na \u00faltima segunda-feira (4), a antecipa\u00e7\u00e3o do Edital n\u00ba 08, destinado [&hellip;]<\/p>\n","protected":false},"author":96,"featured_media":160065,"comment_status":"closed","ping_status":"closed","sticky":false,"template":"","format":"standard","meta":{"footnotes":""},"categories":[436,257,439],"tags":[],"class_list":["post-160064","post","type-post","status-publish","format-standard","has-post-thumbnail","hentry","category-destaque-da-semana","category-esporte","category-ultima-hora"],"_links":{"self":[{"href":"https:\/\/diarioregionaldigital.com.br\/index.php?rest_route=\/wp\/v2\/posts\/160064","targetHints":{"allow":["GET"]}}],"collection":[{"href":"https:\/\/diarioregionaldigital.com.br\/index.php?rest_route=\/wp\/v2\/posts"}],"about":[{"href":"https:\/\/diarioregionaldigital.com.br\/index.php?rest_route=\/wp\/v2\/types\/post"}],"author":[{"embeddable":true,"href":"https:\/\/diarioregionaldigital.com.br\/index.php?rest_route=\/wp\/v2\/users\/96"}],"replies":[{"embeddable":true,"href":"https:\/\/diarioregionaldigital.com.br\/index.php?rest_route=%2Fwp%2Fv2%2Fcomments&post=160064"}],"version-history":[{"count":0,"href":"https:\/\/diarioregionaldigital.com.br\/index.php?rest_route=\/wp\/v2\/posts\/160064\/revisions"}],"wp:featuredmedia":[{"embeddable":true,"href":"https:\/\/diarioregionaldigital.com.br\/index.php?rest_route=\/wp\/v2\/media\/160065"}],"wp:attachment":[{"href":"https:\/\/diarioregionaldigital.com.br\/index.php?rest_route=%2Fwp%2Fv2%2Fmedia&parent=160064"}],"wp:term":[{"taxonomy":"category","embeddable":true,"href":"https:\/\/diarioregionaldigital.com.br\/index.php?rest_route=%2Fwp%2Fv2%2Fcategories&post=160064"},{"taxonomy":"post_tag","embeddable":true,"href":"https:\/\/diarioregionaldigital.com.br\/index.php?rest_route=%2Fwp%2Fv2%2Ftags&post=160064"}],"curies":[{"name":"wp","href":"https:\/\/api.w.org\/{rel}","templated":true}]}}