{"id":160058,"date":"2020-05-11T17:15:42","date_gmt":"2020-05-11T20:15:42","guid":{"rendered":"https:\/\/diarioregionaldigital.com.br\/?p=160058"},"modified":"2020-05-11T17:15:42","modified_gmt":"2020-05-11T20:15:42","slug":"federacao-cancela-primeiras-provas-do-mundial-de-escalada-devido-a-pandemia-da-covid-19","status":"publish","type":"post","link":"https:\/\/diarioregionaldigital.com.br\/?p=160058","title":{"rendered":"Federa\u00e7\u00e3o cancela primeiras provas do Mundial de Escalada devido \u00e0 pandemia da COVID-19"},"content":{"rendered":"<p>A Federa\u00e7\u00e3o Internacional de Escalada Esportiva (IFSC, sigla em ingl\u00eas), esporte que far\u00e1 sua estreia no programa ol\u00edmpico nos Jogos de T\u00f3quio 2020, que come\u00e7ar\u00e3o em 23 de julho de 2021, cancelou duas competi\u00e7\u00f5es da Copa do Mundo devido \u00e0 pandemia do novo coronav\u00edrus (covid-19).<\/p>\n<p>Ambas seriam realizadas na Su\u00ed\u00e7a. A primeira disputa aconteceria na cidade de Meiringen, nos dias 3 e 4 de abril. Ela j\u00e1 havia sido suspensa, mas agora foi cancelada. A segunda competi\u00e7\u00e3o estava programada para a cidade de Villars, entre 2 e 4 de julho.<\/p>\n<p>&#8220;A decis\u00e3o vem como consequ\u00eancia direta da situa\u00e7\u00e3o em andamento causada pelo surto do coronav\u00edrus (COVID-19), juntamente com as medidas restritivas adotadas pelo governo su\u00ed\u00e7o&#8221;, diz a nota oficial publicada no site da IFSC.<\/p>\n<p>De acordo com o calend\u00e1rio da entidade, todas as competi\u00e7\u00f5es at\u00e9 o m\u00eas de julho est\u00e3o suspensas. Como em agosto n\u00e3o havia previs\u00e3o de disputas, a pr\u00f3xima prova est\u00e1 marcada para setembro, em Ljubljana, capital da Eslov\u00eania. Foram os dois primeiros cancelamentos determinados pela IFS. As outras 11 competi\u00e7\u00f5es foram adiadas.<\/p>\n<p>&nbsp;<\/p>\n<p><strong>Fonte:\u00a0<\/strong>Assessoria<\/p>\n","protected":false},"excerpt":{"rendered":"<p>A Federa\u00e7\u00e3o Internacional de Escalada Esportiva (IFSC, sigla em ingl\u00eas), esporte que far\u00e1 sua estreia no programa ol\u00edmpico nos Jogos de T\u00f3quio 2020, que come\u00e7ar\u00e3o em 23 de julho de 2021, cancelou duas competi\u00e7\u00f5es da Copa do Mundo devido \u00e0 pandemia do novo coronav\u00edrus (covid-19). Ambas seriam realizadas na Su\u00ed\u00e7a. A primeira disputa aconteceria na [&hellip;]<\/p>\n","protected":false},"author":96,"featured_media":160059,"comment_status":"closed","ping_status":"closed","sticky":false,"template":"","format":"standard","meta":{"footnotes":""},"categories":[436,257,439],"tags":[],"class_list":["post-160058","post","type-post","status-publish","format-standard","has-post-thumbnail","hentry","category-destaque-da-semana","category-esporte","category-ultima-hora"],"_links":{"self":[{"href":"https:\/\/diarioregionaldigital.com.br\/index.php?rest_route=\/wp\/v2\/posts\/160058","targetHints":{"allow":["GET"]}}],"collection":[{"href":"https:\/\/diarioregionaldigital.com.br\/index.php?rest_route=\/wp\/v2\/posts"}],"about":[{"href":"https:\/\/diarioregionaldigital.com.br\/index.php?rest_route=\/wp\/v2\/types\/post"}],"author":[{"embeddable":true,"href":"https:\/\/diarioregionaldigital.com.br\/index.php?rest_route=\/wp\/v2\/users\/96"}],"replies":[{"embeddable":true,"href":"https:\/\/diarioregionaldigital.com.br\/index.php?rest_route=%2Fwp%2Fv2%2Fcomments&post=160058"}],"version-history":[{"count":0,"href":"https:\/\/diarioregionaldigital.com.br\/index.php?rest_route=\/wp\/v2\/posts\/160058\/revisions"}],"wp:featuredmedia":[{"embeddable":true,"href":"https:\/\/diarioregionaldigital.com.br\/index.php?rest_route=\/wp\/v2\/media\/160059"}],"wp:attachment":[{"href":"https:\/\/diarioregionaldigital.com.br\/index.php?rest_route=%2Fwp%2Fv2%2Fmedia&parent=160058"}],"wp:term":[{"taxonomy":"category","embeddable":true,"href":"https:\/\/diarioregionaldigital.com.br\/index.php?rest_route=%2Fwp%2Fv2%2Fcategories&post=160058"},{"taxonomy":"post_tag","embeddable":true,"href":"https:\/\/diarioregionaldigital.com.br\/index.php?rest_route=%2Fwp%2Fv2%2Ftags&post=160058"}],"curies":[{"name":"wp","href":"https:\/\/api.w.org\/{rel}","templated":true}]}}