{"id":160055,"date":"2020-05-11T17:14:16","date_gmt":"2020-05-11T20:14:16","guid":{"rendered":"https:\/\/diarioregionaldigital.com.br\/?p=160055"},"modified":"2020-05-11T17:14:16","modified_gmt":"2020-05-11T20:14:16","slug":"governo-italiano-autoriza-retomada-de-treinos-coletivos-a-partir-da-proxima-semana","status":"publish","type":"post","link":"https:\/\/diarioregionaldigital.com.br\/?p=160055","title":{"rendered":"Governo italiano autoriza retomada de treinos coletivos a partir da pr\u00f3xima semana"},"content":{"rendered":"<p>O Minist\u00e9rio do Esporte da It\u00e1lia, anunciou nessa segunda-feira (11), a autoriza\u00e7\u00e3o para os clubes italianos retomarem a sess\u00e3o de treinos coletivos, j\u00e1 na pr\u00f3xima segunda-feira (18). Alguns times retornaram aos treinamentos na \u00faltima semana, mas seguindo as medidas de preven\u00e7\u00e3o ao Coronav\u00edrus.<\/p>\n<p>O an\u00fancio foi feito pelo Roberto Speranza (Ministro da Sa\u00fade) e Vincenzo Spadafora (Ministro do Esporte) e conforme as autoridades, os protocolos tra\u00e7ados pela Federa\u00e7\u00e3o Italiana de Futebol (FIGC) foram aprovados por um comit\u00ea de especialistas:<\/p>\n<p>\u201c<em>A opini\u00e3o solicitada pelo Governo sobre o protocolo apresentado pela FIGC foi expressa pelo Comit\u00ea T\u00e9cnico Cient\u00edfico e confirma a linha de prud\u00eancia seguida at\u00e9 agora pelos minist\u00e9rios competentes. As indica\u00e7\u00f5es do Comit\u00ea, que ser\u00e3o consideradas rigorosas e vinculativas, ser\u00e3o enviadas \u00e0 Federa\u00e7\u00e3o. ajustes no protocolo para permitir a retomada segura do treinamento da equipe a partir de 18 de maio<\/em>.\u201d<\/p>\n<p>Devido ao in\u00edcio da epidemia e tamb\u00e9m ao grande n\u00famero de casos e mortes confirmadas pelo Coronav\u00edrus, o Campeonato Italiano est\u00e1 paralisado desde o m\u00eas de mar\u00e7o, mas ainda n\u00e3o tem data definida para ser retomado. At\u00e9 o momento, a Juventus de Cristiano Ronaldo lidera com 63 pontos, Lazio \u00e9 a vice-l\u00edder com 62, Internazionale de Mil\u00e3o \u00e9 o terceiro com 54 e a Atalanta fecha a zona de classifica\u00e7\u00e3o para a pr\u00f3xima edi\u00e7\u00e3o da Liga dos Campe\u00f5es com 48 pontos.<\/p>\n","protected":false},"excerpt":{"rendered":"<p>O Minist\u00e9rio do Esporte da It\u00e1lia, anunciou nessa segunda-feira (11), a autoriza\u00e7\u00e3o para os clubes italianos retomarem a sess\u00e3o de treinos coletivos, j\u00e1 na pr\u00f3xima segunda-feira (18). Alguns times retornaram aos treinamentos na \u00faltima semana, mas seguindo as medidas de preven\u00e7\u00e3o ao Coronav\u00edrus. O an\u00fancio foi feito pelo Roberto Speranza (Ministro da Sa\u00fade) e Vincenzo [&hellip;]<\/p>\n","protected":false},"author":96,"featured_media":160056,"comment_status":"closed","ping_status":"closed","sticky":false,"template":"","format":"standard","meta":{"footnotes":""},"categories":[436,257,439],"tags":[],"class_list":["post-160055","post","type-post","status-publish","format-standard","has-post-thumbnail","hentry","category-destaque-da-semana","category-esporte","category-ultima-hora"],"_links":{"self":[{"href":"https:\/\/diarioregionaldigital.com.br\/index.php?rest_route=\/wp\/v2\/posts\/160055","targetHints":{"allow":["GET"]}}],"collection":[{"href":"https:\/\/diarioregionaldigital.com.br\/index.php?rest_route=\/wp\/v2\/posts"}],"about":[{"href":"https:\/\/diarioregionaldigital.com.br\/index.php?rest_route=\/wp\/v2\/types\/post"}],"author":[{"embeddable":true,"href":"https:\/\/diarioregionaldigital.com.br\/index.php?rest_route=\/wp\/v2\/users\/96"}],"replies":[{"embeddable":true,"href":"https:\/\/diarioregionaldigital.com.br\/index.php?rest_route=%2Fwp%2Fv2%2Fcomments&post=160055"}],"version-history":[{"count":0,"href":"https:\/\/diarioregionaldigital.com.br\/index.php?rest_route=\/wp\/v2\/posts\/160055\/revisions"}],"wp:featuredmedia":[{"embeddable":true,"href":"https:\/\/diarioregionaldigital.com.br\/index.php?rest_route=\/wp\/v2\/media\/160056"}],"wp:attachment":[{"href":"https:\/\/diarioregionaldigital.com.br\/index.php?rest_route=%2Fwp%2Fv2%2Fmedia&parent=160055"}],"wp:term":[{"taxonomy":"category","embeddable":true,"href":"https:\/\/diarioregionaldigital.com.br\/index.php?rest_route=%2Fwp%2Fv2%2Fcategories&post=160055"},{"taxonomy":"post_tag","embeddable":true,"href":"https:\/\/diarioregionaldigital.com.br\/index.php?rest_route=%2Fwp%2Fv2%2Ftags&post=160055"}],"curies":[{"name":"wp","href":"https:\/\/api.w.org\/{rel}","templated":true}]}}