{"id":160052,"date":"2020-05-11T17:12:51","date_gmt":"2020-05-11T20:12:51","guid":{"rendered":"https:\/\/diarioregionaldigital.com.br\/?p=160052"},"modified":"2020-05-11T17:12:51","modified_gmt":"2020-05-11T20:12:51","slug":"guarda-municipal-divulga-balanco-da-ronda-sus","status":"publish","type":"post","link":"https:\/\/diarioregionaldigital.com.br\/?p=160052","title":{"rendered":"Guarda Municipal divulga balan\u00e7o da \u201cRonda SUS\u201d"},"content":{"rendered":"<p>Lan\u00e7ada h\u00e1 pouco mais de um m\u00eas, a \u201cRonda SUS\u201d (Sistema \u00danico de Sa\u00fade), implementada pela Secretaria de Seguran\u00e7a Urbana e Cidadania (Sesuc), da Prefeitura de Juiz de Fora (PJF), em parceria com a Secretaria de Sa\u00fade (SS), mostra efetivos resultados. Entre 20 de mar\u00e7o e 30 de abril, as equipes da Guarda Municipal (GM) realizaram 297 rondas preventivas em 18 unidades de sa\u00fade do Munic\u00edpio. O balan\u00e7o engloba a\u00e7\u00f5es feitas de segunda a sexta-feira, em hor\u00e1rio de atendimento destes servi\u00e7os. Mas a Guarda ainda efetuou passagens pelas unidades nos fins de semana e nos per\u00edodos noturno e madrugada, quando n\u00e3o h\u00e1 funcionamento dos setores, a fim de garantir a seguran\u00e7a das instala\u00e7\u00f5es. A presen\u00e7a nestes locais, destaca -se pela manuten\u00e7\u00e3o das condi\u00e7\u00f5es de normalidade, para que os profissionais da sa\u00fade possam desenvolver suas fun\u00e7\u00f5es com tranquilidade, sobretudo neste per\u00edodo de pandemia de coronav\u00edrus.<\/p>\n<p>A \u201cRonda SUS\u201d \u00e9 estrat\u00e9gia de cobertura preventiva, direcionada aos servi\u00e7os de sa\u00fade. Consiste em levar o patrulhamento da Guarda Municipal a novas \u00e1reas do setor na cidade. Equipe m\u00f3vel fica respons\u00e1vel por percorrer postos pr\u00e9-definidos, durante seu turno de servi\u00e7o. Esse modelo de a\u00e7\u00e3o amplia a abrang\u00eancia da Guarda, otimizando o uso de recursos materiais e emprego do efetivo.<\/p>\n<p>A linha de atua\u00e7\u00e3o comunit\u00e1ria da GM, com base na media\u00e7\u00e3o para a solu\u00e7\u00e3o de conflitos, soma-se assim, para o resultado positivo da a\u00e7\u00e3o. Desde o lan\u00e7amento da Ronda, n\u00e3o houve registros de ocorr\u00eancias que necessitassem encaminhamento \u00e0 delegacia. As equipes chegaram a ser acionadas pelos servi\u00e7os de sa\u00fade, deslocando-se em atendimento a casos pontuais. No entanto, em todas as situa\u00e7\u00f5es, o problema foi resolvido pela via da conversa\u00e7\u00e3o.<\/p>\n<p>Para a comandante da Guarda Municipal, Emilce de Castro, a a\u00e7\u00e3o cumpre seu papel preventivo: &#8220;A presen\u00e7a da Guarda nos diferentes servi\u00e7os de sa\u00fade previne a viol\u00eancia, \u00e0 medida que protege servidores que est\u00e3o ali para atender ao cidad\u00e3o, garantindo que possam desempenhar suas fun\u00e7\u00f5es. Nesse cen\u00e1rio, o cidad\u00e3o tamb\u00e9m \u00e9 protegido&#8221;, explicou. &#8220;As equipes fazem trabalho de aproxima\u00e7\u00e3o e de orienta\u00e7\u00e3o ao p\u00fablico. Isso tem sido essencial quanto \u00e0 obrigatoriedade de uso de m\u00e1scaras por parte da popula\u00e7\u00e3o&#8221;, acrescentou a comandante, em rela\u00e7\u00e3o ao cumprimento das determina\u00e7\u00f5es municipais de enfrentamento ao coronav\u00edrus.<\/p>\n<p>O projeto \u00e9 parte integrante do Plano de A\u00e7\u00e3o da Guarda Municipal, que se encontrava em estudo desde o \u00faltimo ano. Com a situa\u00e7\u00e3o de emerg\u00eancia em sa\u00fade p\u00fablica, declarada pela Prefeitura de Juiz de Fora (Decreto n\u00ba 13.894, de 18 de mar\u00e7o de 2020), a implanta\u00e7\u00e3o da \u201cRonda SUS\u201d ratificou o refor\u00e7o em seguran\u00e7a aos servidores da sa\u00fade no Munic\u00edpio.<\/p>\n<p>&nbsp;<\/p>\n<p><strong>Fonte:\u00a0<\/strong>Assessoria<\/p>\n","protected":false},"excerpt":{"rendered":"<p>Lan\u00e7ada h\u00e1 pouco mais de um m\u00eas, a \u201cRonda SUS\u201d (Sistema \u00danico de Sa\u00fade), implementada pela Secretaria de Seguran\u00e7a Urbana e Cidadania (Sesuc), da Prefeitura de Juiz de Fora (PJF), em parceria com a Secretaria de Sa\u00fade (SS), mostra efetivos resultados. Entre 20 de mar\u00e7o e 30 de abril, as equipes da Guarda Municipal (GM) [&hellip;]<\/p>\n","protected":false},"author":96,"featured_media":160053,"comment_status":"closed","ping_status":"closed","sticky":false,"template":"","format":"standard","meta":{"footnotes":""},"categories":[253,436,439],"tags":[],"class_list":["post-160052","post","type-post","status-publish","format-standard","has-post-thumbnail","hentry","category-cidade","category-destaque-da-semana","category-ultima-hora"],"_links":{"self":[{"href":"https:\/\/diarioregionaldigital.com.br\/index.php?rest_route=\/wp\/v2\/posts\/160052","targetHints":{"allow":["GET"]}}],"collection":[{"href":"https:\/\/diarioregionaldigital.com.br\/index.php?rest_route=\/wp\/v2\/posts"}],"about":[{"href":"https:\/\/diarioregionaldigital.com.br\/index.php?rest_route=\/wp\/v2\/types\/post"}],"author":[{"embeddable":true,"href":"https:\/\/diarioregionaldigital.com.br\/index.php?rest_route=\/wp\/v2\/users\/96"}],"replies":[{"embeddable":true,"href":"https:\/\/diarioregionaldigital.com.br\/index.php?rest_route=%2Fwp%2Fv2%2Fcomments&post=160052"}],"version-history":[{"count":0,"href":"https:\/\/diarioregionaldigital.com.br\/index.php?rest_route=\/wp\/v2\/posts\/160052\/revisions"}],"wp:featuredmedia":[{"embeddable":true,"href":"https:\/\/diarioregionaldigital.com.br\/index.php?rest_route=\/wp\/v2\/media\/160053"}],"wp:attachment":[{"href":"https:\/\/diarioregionaldigital.com.br\/index.php?rest_route=%2Fwp%2Fv2%2Fmedia&parent=160052"}],"wp:term":[{"taxonomy":"category","embeddable":true,"href":"https:\/\/diarioregionaldigital.com.br\/index.php?rest_route=%2Fwp%2Fv2%2Fcategories&post=160052"},{"taxonomy":"post_tag","embeddable":true,"href":"https:\/\/diarioregionaldigital.com.br\/index.php?rest_route=%2Fwp%2Fv2%2Ftags&post=160052"}],"curies":[{"name":"wp","href":"https:\/\/api.w.org\/{rel}","templated":true}]}}