{"id":160049,"date":"2020-05-11T15:03:38","date_gmt":"2020-05-11T18:03:38","guid":{"rendered":"https:\/\/diarioregionaldigital.com.br\/?p=160049"},"modified":"2020-05-11T15:03:38","modified_gmt":"2020-05-11T18:03:38","slug":"camara-registra-economia-de-53-em-comparacao-com-os-seis-primeiros-meses-do-ultimo-ano","status":"publish","type":"post","link":"https:\/\/diarioregionaldigital.com.br\/?p=160049","title":{"rendered":"C\u00e2mara registra economia de 53% em compara\u00e7\u00e3o com os seis primeiros meses do \u00faltimo ano"},"content":{"rendered":"<p>A C\u00e2mara Municipal de Juiz de Fora registrou uma economia de 53% no segundo semestre de 2019 em compara\u00e7\u00e3o com os seis primeiros meses do \u00faltimo ano. Os dados foram divulgados no 40\u00ba informativo semestral do Comit\u00ea de Cidadania, da Comiss\u00e3o de Justi\u00e7a e Paz de Juiz de Fora. Foram gastos R$ 431 mil entre janeiro e junho de 2019 e R$ 206 mil entre julho e dezembro. O presidente da Casa, vereador Luiz Ot\u00e1vio Coelho &#8211; Pardal (PSL) defende que a economia se deu pela mudan\u00e7a do modelo indenizat\u00f3rio para o atual. &#8220;Porque n\u00f3s t\u00ednhamos aqui um sistema anterior, que era um modelo que funcionava de forma indenizat\u00f3ria com rela\u00e7\u00e3o \u00e0s despesas dos vereadores, e mudamos para processo licitat\u00f3rio &#8211; esse foi um dos fatores principais\u201d. Pardal defende ainda que este ano a economia dever\u00e1 se manter. &#8220;Em 2020 n\u00e3o vai ser diferente, n\u00f3s temos esse compromisso e essa obrigatoriedade, n\u00e3o \u00e9 favor que a C\u00e2mara est\u00e1 fazendo, n\u00f3s precisamos estar sempre cuidando do dinheiro p\u00fablico&#8221;.<\/p>\n<p>Ainda de acordo com o levantamento, no total foram gastos R$ 637 mil em 2019, o que representa uma redu\u00e7\u00e3o de 47% em compara\u00e7\u00e3o com o ano anterior. O coordenador do N\u00facleo de Licita\u00e7\u00f5es da C\u00e2mara, Rodrigo Fiorese, entende que a mudan\u00e7a gerou al\u00e9m de economia mais transpar\u00eancia, pois todos os servi\u00e7os e produtos que s\u00e3o consumidos pelos vereadores em seus gabinetes passaram a ser geridos pela Casa. \u201cE para serem geridos pela Casa passaram a ser licitados. Ent\u00e3o desde a \u00e1gua que ele compra, desde o material de expediente, por mais simples que seja, at\u00e9 a loca\u00e7\u00e3o de um carro que ele utiliza e da gasolina que ele vai utilizar para abastecer esse carro, passaram a ser licitados\u201d, acrescentando que \u201c\u00e9 um procedimento mais democr\u00e1tico, mais transparente, e principalmente o que foi mais satisfat\u00f3rio para a Mesa Diretora \u00e9 que ele foi muito mais econ\u00f4mico&#8221;, finalizou.<\/p>\n<p>&nbsp;<\/p>\n<p><strong>Fonte:\u00a0<\/strong>Assessoria<\/p>\n","protected":false},"excerpt":{"rendered":"<p>A C\u00e2mara Municipal de Juiz de Fora registrou uma economia de 53% no segundo semestre de 2019 em compara\u00e7\u00e3o com os seis primeiros meses do \u00faltimo ano. Os dados foram divulgados no 40\u00ba informativo semestral do Comit\u00ea de Cidadania, da Comiss\u00e3o de Justi\u00e7a e Paz de Juiz de Fora. Foram gastos R$ 431 mil entre [&hellip;]<\/p>\n","protected":false},"author":96,"featured_media":160050,"comment_status":"closed","ping_status":"closed","sticky":false,"template":"","format":"standard","meta":{"footnotes":""},"categories":[253,436,439],"tags":[],"class_list":["post-160049","post","type-post","status-publish","format-standard","has-post-thumbnail","hentry","category-cidade","category-destaque-da-semana","category-ultima-hora"],"_links":{"self":[{"href":"https:\/\/diarioregionaldigital.com.br\/index.php?rest_route=\/wp\/v2\/posts\/160049","targetHints":{"allow":["GET"]}}],"collection":[{"href":"https:\/\/diarioregionaldigital.com.br\/index.php?rest_route=\/wp\/v2\/posts"}],"about":[{"href":"https:\/\/diarioregionaldigital.com.br\/index.php?rest_route=\/wp\/v2\/types\/post"}],"author":[{"embeddable":true,"href":"https:\/\/diarioregionaldigital.com.br\/index.php?rest_route=\/wp\/v2\/users\/96"}],"replies":[{"embeddable":true,"href":"https:\/\/diarioregionaldigital.com.br\/index.php?rest_route=%2Fwp%2Fv2%2Fcomments&post=160049"}],"version-history":[{"count":0,"href":"https:\/\/diarioregionaldigital.com.br\/index.php?rest_route=\/wp\/v2\/posts\/160049\/revisions"}],"wp:featuredmedia":[{"embeddable":true,"href":"https:\/\/diarioregionaldigital.com.br\/index.php?rest_route=\/wp\/v2\/media\/160050"}],"wp:attachment":[{"href":"https:\/\/diarioregionaldigital.com.br\/index.php?rest_route=%2Fwp%2Fv2%2Fmedia&parent=160049"}],"wp:term":[{"taxonomy":"category","embeddable":true,"href":"https:\/\/diarioregionaldigital.com.br\/index.php?rest_route=%2Fwp%2Fv2%2Fcategories&post=160049"},{"taxonomy":"post_tag","embeddable":true,"href":"https:\/\/diarioregionaldigital.com.br\/index.php?rest_route=%2Fwp%2Fv2%2Ftags&post=160049"}],"curies":[{"name":"wp","href":"https:\/\/api.w.org\/{rel}","templated":true}]}}