{"id":160046,"date":"2020-05-11T15:02:15","date_gmt":"2020-05-11T18:02:15","guid":{"rendered":"https:\/\/diarioregionaldigital.com.br\/?p=160046"},"modified":"2020-05-11T15:04:41","modified_gmt":"2020-05-11T18:04:41","slug":"comissao-especial-recebe-a-procuradoria-de-saude-sobre-aumento-de-leitos-e-propoe-acao-mais-regionalizada","status":"publish","type":"post","link":"https:\/\/diarioregionaldigital.com.br\/?p=160046","title":{"rendered":"Comiss\u00e3o Especial recebe a Procuradoria de Sa\u00fade sobre aumento de leitos e prop\u00f5e a\u00e7\u00e3o mais regionalizada"},"content":{"rendered":"<p>Os vereadores membros da Comiss\u00e3o Especial de Enfrentamento da COVID-19 se reuniram com o coordenador regional das Promotorias de Justi\u00e7a de Defesa da Sa\u00fade do Minist\u00e9rio P\u00fablico (MP), o promotor Rodrigo Barros. Na pauta, constavam quest\u00f5es como a recomenda\u00e7\u00e3o para aumento de leitos em Juiz de Fora, as den\u00fancias quanto \u00e0 disponibilidade de Equipamentos de Prote\u00e7\u00e3o Individual (EPI) para hospitais e, principalmente, a cria\u00e7\u00e3o de uma barreira sanit\u00e1ria em Juiz de Fora.<\/p>\n<p>&#8220;Sabemos que \u00e9 uma medida que envolve limites \u00e9ticos e legais que precisam ser discutidos, mas precisamos tomar uma atitude r\u00e1pida. Por isso, estamos chamando o MP para uma conversa para atuar junto com o Legislativo e o Executivo. Estamos com uma m\u00e9dia de 80% dos leitos ocupados, e nossa cidade \u00e9 refer\u00eancia para mais de 94 munic\u00edpios. Tudo o que acontece em uma cidade afeta de forma direta ou indireta a outra&#8221;, conclui o vereador Marlon Siqueira (Progressista), proponente e presidente da Comiss\u00e3o, que \u00e9 formada, ainda, pelos vereadores Z\u00e9 M\u00e1rcio &#8211; Garotinho (PV), Kennedy Ribeiro (PV) e Sargento Mello Casal (PTB).<\/p>\n<p>Durante a reuni\u00e3o, a comiss\u00e3o pontuou com o representante do Minist\u00e9rio P\u00fablico sobre as principais a\u00e7\u00f5es j\u00e1 tomadas pelo munic\u00edpio no combate \u00e0 COVID-19 e seus efeitos. O promotor explicou que acompanha diariamente as a\u00e7\u00f5es do Comit\u00ea e que as atitutes est\u00e3o sendo tomadas de acordo com a progress\u00e3o dos dados epidemiol\u00f3gicos na cidade. \u201cO momento agora \u00e9 de fortalecimento da rede hospitalar em Juiz de Fora. A amplia\u00e7\u00e3o de leitos em hospitais j\u00e1 existentes \u00e9, atualmente, a melhor estrat\u00e9gia para conseguirmos absorver o aumento dos casos\u201d, resumiu Barros, explicando que a cria\u00e7\u00e3o de uma barreira sanit\u00e1ria \u00e9 uma medida que pode ser adotada, mas necessita ser \u201ctecnicamente fundamentada\u201d.<\/p>\n<p>O vereador Z\u00e9 M\u00e1rcio ponderou sobre a necessidade de a\u00e7\u00e3o conjunta entre todos os munic\u00edpios pr\u00f3ximos. \u201cEstivemos ontem percorrendo as principais refer\u00eancias hospitalares em Juiz de Fora no atendimento aos pacientes contaminados pelo novo Coronav\u00edrus. Tudo des\u00e1gua na ponta, precisamos de uma a\u00e7\u00e3o articulada tamb\u00e9m de nossos vizinhos\u201d disse ele, refletindo que at\u00e9 a barreira sanit\u00e1ria \u00e9 uma a\u00e7\u00e3o que demandar\u00e1 recursos pessoais e materiais que est\u00e3o escassos.<\/p>\n<p><strong>A\u00e7\u00f5es mais regionalizadas s\u00e3o mais eficientes<\/strong><\/p>\n<p>Ao fim do encontro entre a comiss\u00e3o legislativa e o representante do MP, concluiu-se que para a resolu\u00e7\u00e3o de quest\u00f5es como a regula\u00e7\u00e3o de pacientes de outras cidades, o n\u00famero suficiente de leitos, a compra de insumos mais eficiente e, tamb\u00e9m, a retomada das atividades comerciais, uma a\u00e7\u00e3o mais regional \u00e9 necess\u00e1ria, em que todos os representantes do Executivo possam tomar medidas semelhantes.<\/p>\n<p>Na pr\u00f3xima semana, o promotor Rodrigo Barros deve se reunir por videoconfer\u00eancia com prefeitos da regi\u00e3o. \u201cNosso objetivo \u00e9 auxiliar na tomada de decis\u00f5es alinhadas e, inclusive, acompanhar a ades\u00e3o ou n\u00e3o ao programa estadual \u2018Minas Consciente\u2019 que vir\u00e1 de uma decis\u00e3o facultativa de cada prefeito, respeitando os dados epidemiol\u00f3gicos atuais de cada munic\u00edpio\u201d. Em Juiz de Fora, na \u00faltima semana, a prefeitura sinalizou que poder\u00e1 ser uma das cidades a aderir ao programa.<\/p>\n<p>&nbsp;<\/p>\n<p><strong>Fonte:<\/strong>\u00a0Assessoria<\/p>\n","protected":false},"excerpt":{"rendered":"<p>Os vereadores membros da Comiss\u00e3o Especial de Enfrentamento da COVID-19 se reuniram com o coordenador regional das Promotorias de Justi\u00e7a de Defesa da Sa\u00fade do Minist\u00e9rio P\u00fablico (MP), o promotor Rodrigo Barros. Na pauta, constavam quest\u00f5es como a recomenda\u00e7\u00e3o para aumento de leitos em Juiz de Fora, as den\u00fancias quanto \u00e0 disponibilidade de Equipamentos de [&hellip;]<\/p>\n","protected":false},"author":96,"featured_media":160047,"comment_status":"closed","ping_status":"closed","sticky":false,"template":"","format":"standard","meta":{"footnotes":""},"categories":[253,436,440,439],"tags":[],"class_list":["post-160046","post","type-post","status-publish","format-standard","has-post-thumbnail","hentry","category-cidade","category-destaque-da-semana","category-destaques-do-dia","category-ultima-hora"],"_links":{"self":[{"href":"https:\/\/diarioregionaldigital.com.br\/index.php?rest_route=\/wp\/v2\/posts\/160046","targetHints":{"allow":["GET"]}}],"collection":[{"href":"https:\/\/diarioregionaldigital.com.br\/index.php?rest_route=\/wp\/v2\/posts"}],"about":[{"href":"https:\/\/diarioregionaldigital.com.br\/index.php?rest_route=\/wp\/v2\/types\/post"}],"author":[{"embeddable":true,"href":"https:\/\/diarioregionaldigital.com.br\/index.php?rest_route=\/wp\/v2\/users\/96"}],"replies":[{"embeddable":true,"href":"https:\/\/diarioregionaldigital.com.br\/index.php?rest_route=%2Fwp%2Fv2%2Fcomments&post=160046"}],"version-history":[{"count":0,"href":"https:\/\/diarioregionaldigital.com.br\/index.php?rest_route=\/wp\/v2\/posts\/160046\/revisions"}],"wp:featuredmedia":[{"embeddable":true,"href":"https:\/\/diarioregionaldigital.com.br\/index.php?rest_route=\/wp\/v2\/media\/160047"}],"wp:attachment":[{"href":"https:\/\/diarioregionaldigital.com.br\/index.php?rest_route=%2Fwp%2Fv2%2Fmedia&parent=160046"}],"wp:term":[{"taxonomy":"category","embeddable":true,"href":"https:\/\/diarioregionaldigital.com.br\/index.php?rest_route=%2Fwp%2Fv2%2Fcategories&post=160046"},{"taxonomy":"post_tag","embeddable":true,"href":"https:\/\/diarioregionaldigital.com.br\/index.php?rest_route=%2Fwp%2Fv2%2Ftags&post=160046"}],"curies":[{"name":"wp","href":"https:\/\/api.w.org\/{rel}","templated":true}]}}