{"id":160043,"date":"2020-05-11T14:59:58","date_gmt":"2020-05-11T17:59:58","guid":{"rendered":"https:\/\/diarioregionaldigital.com.br\/?p=160043"},"modified":"2020-05-11T14:59:58","modified_gmt":"2020-05-11T17:59:58","slug":"estao-abertas-as-inscricoes-do-enem-2020","status":"publish","type":"post","link":"https:\/\/diarioregionaldigital.com.br\/?p=160043","title":{"rendered":"Est\u00e3o abertas as inscri\u00e7\u00f5es do Enem 2020"},"content":{"rendered":"<p>O Instituto Nacional de Estudos e Pesquisas Educacionais An\u00edsio Teixeira (Inep), abriu nessa segunda-feira (11), as inscri\u00e7\u00f5es para o Exame Nacional do Ensino M\u00e9dio (ENEM) 2020. O valor da taxa de inscri\u00e7\u00e3o \u00e9 de R$ 85 e dever\u00e1 ser pago at\u00e9 28 de maio. O prazo para a inscri\u00e7\u00e3o vai at\u00e9 a pr\u00f3xima quinta-feira (22) e pode ser feita pelo portal enem.inep.gov.br\/<\/p>\n<p>No ato da inscri\u00e7\u00e3o, o candidato deve informar seu Cadastro de Pessoa F\u00edsica (CPF), Registro Geral (RG\/carteira de identidade) e e-mail pessoal v\u00e1lido. Para a edi\u00e7\u00e3o deste ano, o candidato deve apresentar no ato da inscri\u00e7\u00e3o, a foto de perfil atual e a mesma ser\u00e1 utilizada no dia da realiza\u00e7\u00e3o da prova.<\/p>\n<p><strong>Enem Digital<\/strong><\/p>\n<p><strong>\u00a0<\/strong>A partir deste ano o Enem ter\u00e1 duas modalidades de provas, as impressas, com aplica\u00e7\u00e3o prevista para os dias 1\u00ba e 8 de novembro, e as digitais, para os dias 22 e 29 de novembro. Cerca de 100 mil participantes v\u00e3o poder escolher entre as modalidades. Neste caso, o candidato que optar em fazer o Enem impresso, n\u00e3o poder\u00e1 se inscrever no Enem Digital.<\/p>\n<p>A estrutura das duas provas ser\u00e1 a mesma, contendo quatro provas objetivas, constitu\u00eddas por 45 quest\u00f5es cada, e uma reda\u00e7\u00e3o em l\u00edngua portuguesa. Al\u00e9m disso, o candidato deve escolher ingl\u00eas ou espanhol, para a prova de l\u00edngua estrangeira.<\/p>\n<p><strong>Isen\u00e7\u00e3o de taxa<\/strong><\/p>\n<p>Segundo o Instituto Nacional de Estudos e Pesquisas Educacionais An\u00edsio Teixeira (Inep), todos os participantes que se enquadrarem nos perfis especificados nos editais do Enem, ter\u00e3o a gratuidade da taxa de inscri\u00e7\u00e3o mesmo sem o pedido formal dos inscritos. A regra vale tanto para os participantes que optarem pelo Enem impresso quanto para os que escolherem o Enem digital e se aplica, inclusive, aos isentos em 2019 que faltaram aos dois dias de prova e n\u00e3o tenham justificado aus\u00eancia.<\/p>\n<p><strong>Acessibilidade<\/strong><\/p>\n<p>A Pol\u00edtica de Acessibilidade e Inclus\u00e3o do Inep visa dar atendimento especializado aos participantes que necessitarem. Para facilitar a compreens\u00e3o no momento da inscri\u00e7\u00e3o, os atendimentos espec\u00edficos (gestantes, lactantes, idosos e estudantes em classe hospitalar) foram inclu\u00eddos na denomina\u00e7\u00e3o &#8220;especializado&#8221;. As solicita\u00e7\u00f5es para esses atendimentos tamb\u00e9m dever\u00e3o ser feitas entre 11 e 22 de maio. Os resultados ser\u00e3o divulgados em 29 de maio. Para os pedidos que forem negados, est\u00e1 prevista uma fase para apresenta\u00e7\u00e3o de recursos. O resultado final estar\u00e1 dispon\u00edvel no dia 10 de junho.<\/p>\n<p>Os pedidos de tratamento por nome social ser\u00e3o feitos entre 25 e 29 de maio, com previs\u00e3o de divulga\u00e7\u00e3o dos resultados em 5 de junho. O per\u00edodo para apresenta\u00e7\u00e3o de recursos ser\u00e1 entre 8 e 12 de junho e a disponibiliza\u00e7\u00e3o dos resultados finais em 18 de junho.<\/p>\n<p><strong>UFJF<\/strong><\/p>\n<p>A Universidade Federal de Juiz de Fora (UFJF), estar\u00e1 oferecendo vagas para os cursos de gradua\u00e7\u00e3o, atrav\u00e9s do Sistema de Sele\u00e7\u00e3o Unificada (SISU), atrav\u00e9s das notas do enem.<\/p>\n<p>&nbsp;<\/p>\n","protected":false},"excerpt":{"rendered":"<p>O Instituto Nacional de Estudos e Pesquisas Educacionais An\u00edsio Teixeira (Inep), abriu nessa segunda-feira (11), as inscri\u00e7\u00f5es para o Exame Nacional do Ensino M\u00e9dio (ENEM) 2020. O valor da taxa de inscri\u00e7\u00e3o \u00e9 de R$ 85 e dever\u00e1 ser pago at\u00e9 28 de maio. O prazo para a inscri\u00e7\u00e3o vai at\u00e9 a pr\u00f3xima quinta-feira (22) [&hellip;]<\/p>\n","protected":false},"author":96,"featured_media":160044,"comment_status":"closed","ping_status":"closed","sticky":false,"template":"","format":"standard","meta":{"footnotes":""},"categories":[253,436,440,439],"tags":[],"class_list":["post-160043","post","type-post","status-publish","format-standard","has-post-thumbnail","hentry","category-cidade","category-destaque-da-semana","category-destaques-do-dia","category-ultima-hora"],"_links":{"self":[{"href":"https:\/\/diarioregionaldigital.com.br\/index.php?rest_route=\/wp\/v2\/posts\/160043","targetHints":{"allow":["GET"]}}],"collection":[{"href":"https:\/\/diarioregionaldigital.com.br\/index.php?rest_route=\/wp\/v2\/posts"}],"about":[{"href":"https:\/\/diarioregionaldigital.com.br\/index.php?rest_route=\/wp\/v2\/types\/post"}],"author":[{"embeddable":true,"href":"https:\/\/diarioregionaldigital.com.br\/index.php?rest_route=\/wp\/v2\/users\/96"}],"replies":[{"embeddable":true,"href":"https:\/\/diarioregionaldigital.com.br\/index.php?rest_route=%2Fwp%2Fv2%2Fcomments&post=160043"}],"version-history":[{"count":0,"href":"https:\/\/diarioregionaldigital.com.br\/index.php?rest_route=\/wp\/v2\/posts\/160043\/revisions"}],"wp:featuredmedia":[{"embeddable":true,"href":"https:\/\/diarioregionaldigital.com.br\/index.php?rest_route=\/wp\/v2\/media\/160044"}],"wp:attachment":[{"href":"https:\/\/diarioregionaldigital.com.br\/index.php?rest_route=%2Fwp%2Fv2%2Fmedia&parent=160043"}],"wp:term":[{"taxonomy":"category","embeddable":true,"href":"https:\/\/diarioregionaldigital.com.br\/index.php?rest_route=%2Fwp%2Fv2%2Fcategories&post=160043"},{"taxonomy":"post_tag","embeddable":true,"href":"https:\/\/diarioregionaldigital.com.br\/index.php?rest_route=%2Fwp%2Fv2%2Ftags&post=160043"}],"curies":[{"name":"wp","href":"https:\/\/api.w.org\/{rel}","templated":true}]}}