{"id":160026,"date":"2020-05-11T12:51:31","date_gmt":"2020-05-11T15:51:31","guid":{"rendered":"https:\/\/diarioregionaldigital.com.br\/?p=160026"},"modified":"2020-05-11T12:51:31","modified_gmt":"2020-05-11T15:51:31","slug":"indicador-antecedente-de-emprego-da-fgv-atinge-menor-nivel-desde-2008","status":"publish","type":"post","link":"https:\/\/diarioregionaldigital.com.br\/?p=160026","title":{"rendered":"Indicador Antecedente de Emprego da FGV atinge menor n\u00edvel desde 2008"},"content":{"rendered":"<p>Os dois indicadores do mercado de trabalho da Funda\u00e7\u00e3o Getulio Vargas (FGV) apresentaram piora em abril, devido \u00e0s incertezas provocadas pela pandemia do novo coronav\u00edrus (covid-19). O Indicador Antecedente de Emprego (Iaemp), que busca antecipar tend\u00eancias com base em entrevistas com consumidores e empres\u00e1rios da ind\u00fastria e dos servi\u00e7os, caiu 42,9 pontos de mar\u00e7o para abril.<\/p>\n<p>Com isso, o indicador recuou para 39,7 pontos, em uma escala de ) a 200. Foi a maior queda mensal e o menor n\u00edvel do indicador na s\u00e9rie hist\u00f3rica da pesquisa, iniciada em 2008.<\/p>\n<p>\u201cO resultado do m\u00eas registra um aumento do pessimismo em rela\u00e7\u00e3o ao mercado de trabalho. Os n\u00edveis recordes de incerteza tornam empres\u00e1rios e consumidores cautelosos, gerando uma deteriora\u00e7\u00e3o das expectativas nos pr\u00f3ximos meses\u201d, afirma Rodolpho Tobler, economista da FGV.<\/p>\n<p>O outro \u00edndice da Funda\u00e7\u00e3o Getulio Vargas, o Indicador Coincidente de Desemprego (ICD) subiu 5,9 pontos em abril, para 98,4 pontos. Diferentemente do Iaemp, o ICD \u00e9 medido em uma escala invertida de 0 a 200 pontos, em que o crescimento do indicador significa piora.<\/p>\n<p>&nbsp;<\/p>\n<p><strong>Fonte:\u00a0<\/strong>Ag\u00eancia Brasil<\/p>\n","protected":false},"excerpt":{"rendered":"<p>Os dois indicadores do mercado de trabalho da Funda\u00e7\u00e3o Getulio Vargas (FGV) apresentaram piora em abril, devido \u00e0s incertezas provocadas pela pandemia do novo coronav\u00edrus (covid-19). O Indicador Antecedente de Emprego (Iaemp), que busca antecipar tend\u00eancias com base em entrevistas com consumidores e empres\u00e1rios da ind\u00fastria e dos servi\u00e7os, caiu 42,9 pontos de mar\u00e7o para [&hellip;]<\/p>\n","protected":false},"author":96,"featured_media":160027,"comment_status":"closed","ping_status":"closed","sticky":false,"template":"","format":"standard","meta":{"footnotes":""},"categories":[436,261,439],"tags":[],"class_list":["post-160026","post","type-post","status-publish","format-standard","has-post-thumbnail","hentry","category-destaque-da-semana","category-economia","category-ultima-hora"],"_links":{"self":[{"href":"https:\/\/diarioregionaldigital.com.br\/index.php?rest_route=\/wp\/v2\/posts\/160026","targetHints":{"allow":["GET"]}}],"collection":[{"href":"https:\/\/diarioregionaldigital.com.br\/index.php?rest_route=\/wp\/v2\/posts"}],"about":[{"href":"https:\/\/diarioregionaldigital.com.br\/index.php?rest_route=\/wp\/v2\/types\/post"}],"author":[{"embeddable":true,"href":"https:\/\/diarioregionaldigital.com.br\/index.php?rest_route=\/wp\/v2\/users\/96"}],"replies":[{"embeddable":true,"href":"https:\/\/diarioregionaldigital.com.br\/index.php?rest_route=%2Fwp%2Fv2%2Fcomments&post=160026"}],"version-history":[{"count":0,"href":"https:\/\/diarioregionaldigital.com.br\/index.php?rest_route=\/wp\/v2\/posts\/160026\/revisions"}],"wp:featuredmedia":[{"embeddable":true,"href":"https:\/\/diarioregionaldigital.com.br\/index.php?rest_route=\/wp\/v2\/media\/160027"}],"wp:attachment":[{"href":"https:\/\/diarioregionaldigital.com.br\/index.php?rest_route=%2Fwp%2Fv2%2Fmedia&parent=160026"}],"wp:term":[{"taxonomy":"category","embeddable":true,"href":"https:\/\/diarioregionaldigital.com.br\/index.php?rest_route=%2Fwp%2Fv2%2Fcategories&post=160026"},{"taxonomy":"post_tag","embeddable":true,"href":"https:\/\/diarioregionaldigital.com.br\/index.php?rest_route=%2Fwp%2Fv2%2Ftags&post=160026"}],"curies":[{"name":"wp","href":"https:\/\/api.w.org\/{rel}","templated":true}]}}