{"id":160023,"date":"2020-05-11T12:45:52","date_gmt":"2020-05-11T15:45:52","guid":{"rendered":"https:\/\/diarioregionaldigital.com.br\/?p=160023"},"modified":"2020-05-11T12:45:52","modified_gmt":"2020-05-11T15:45:52","slug":"em-brasilia-quem-nao-usar-mascara-sera-multado-a-partir-de-hoje","status":"publish","type":"post","link":"https:\/\/diarioregionaldigital.com.br\/?p=160023","title":{"rendered":"Em Bras\u00edlia, quem n\u00e3o usar m\u00e1scara ser\u00e1 multado a partir de hoje"},"content":{"rendered":"<p>Moradores do Distrito Federal ser\u00e3o obrigados, a partir de hoje (11), a usar m\u00e1scaras, consideradas essenciais para evitar o cont\u00e1gio por covid-19. A determina\u00e7\u00e3o, publicada em um decreto do governador Ibaneis Rocha, no dia 23 de abril, estabelece a obrigatoriedade do uso em todas as vias e espa\u00e7os p\u00fablicos, transportes p\u00fablicos coletivos, estabelecimentos comerciais, industriais e espa\u00e7os de presta\u00e7\u00e3o de servi\u00e7o.<\/p>\n<p>A exig\u00eancia \u00e9 por tempo indeterminado, enquanto vigorar o estado de emerg\u00eancia no Distrito Federal, previsto no Decreto 40.475, de 28 de fevereiro de 2020. Quem for pego sem m\u00e1scaras em espa\u00e7os p\u00fablicos poder\u00e1 ser autuado e multado em valor a partir de R$ 2 mil.<\/p>\n<p>H\u00e1 tamb\u00e9m san\u00e7\u00f5es penais previstas no Artigo 268 do C\u00f3digo Penal, destinado a impedir a introdu\u00e7\u00e3o ou a propaga\u00e7\u00e3o de doen\u00e7a contagiosa, como deten\u00e7\u00e3o de um m\u00eas a um ano, al\u00e9m de multa. A condena\u00e7\u00e3o \u00e9 aumentada em um ter\u00e7o se o infrator for funcion\u00e1rio da sa\u00fade p\u00fablica ou exercer a profiss\u00e3o de m\u00e9dico, farmac\u00eautico, dentista ou enfermeiro. Para quem n\u00e3o tem condi\u00e7\u00f5es de adquirir m\u00e1scaras, o governo do Distrito Federal previu no decreto a garantia desse material de prote\u00e7\u00e3o em locais que ser\u00e3o informados \u00e0 popula\u00e7\u00e3o.<\/p>\n<p>No mesmo decreto, Ibaneis Rocha determina que com\u00e9rcios e outros estabelecimentos de atividades econ\u00f4micas n\u00e3o dever\u00e3o aceitar a presen\u00e7a de pessoas sem o acess\u00f3rio. Al\u00e9m disso, fabricantes de m\u00e1scara para uso profissional devem priorizar na comercializa\u00e7\u00e3o de sua produ\u00e7\u00e3o os profissionais de sa\u00fade, fornecendo excedentes para outras categorias.<\/p>\n<p><strong>Transporte p\u00fablico<\/strong><\/p>\n<p>Em cumprimento \u00e0 determina\u00e7\u00e3o, nas esta\u00e7\u00f5es do Metr\u00f4, por exemplo, n\u00e3o ser\u00e1 autorizada a entrada nem a perman\u00eancia de usu\u00e1rios sem a prote\u00e7\u00e3o.<\/p>\n<p>O Metr\u00f4-DF j\u00e1 adquiriu e est\u00e1 distribuindo m\u00e1scaras de tecido, confeccionadas conforme orienta\u00e7\u00e3o do Minist\u00e9rio da Sa\u00fade, aos empregados que trabalham na linha de frente da opera\u00e7\u00e3o.<\/p>\n<p><strong>Desinfec\u00e7\u00e3o<\/strong><\/p>\n<p>Ainda como forma de garantir a seguran\u00e7a de empregados e usu\u00e1rios, o Metr\u00f4-DF permanece com a\u00e7\u00f5es constantes de desinfec\u00e7\u00e3o e higieniza\u00e7\u00e3o. A cada semana, as 25 esta\u00e7\u00f5es operacionais e os trens passam por processo de limpeza com quarten\u00e1rio de am\u00f4nio, aprovado pela Ag\u00eancia Nacional de Vigil\u00e2ncia Sanit\u00e1ria (Anvisa) e usado em outros pa\u00edses do mundo. Al\u00e9m disso, a cada 30 minutos, \u00e9 feita a limpeza nos bloqueios, bilheterias e corrim\u00e3os das esta\u00e7\u00f5es com o per\u00f3xido de hidrog\u00eanio.<\/p>\n<p>Os \u00f4nibus que circulam pelo Distrito Federal tamb\u00e9m est\u00e3o sendo higienizados com maior frequ\u00eancia. Na Rodovi\u00e1ria do Plano Piloto, empresas de coletivos passaram a limpar os ve\u00edculos a cada vez que estes retornam de um trajeto.<\/p>\n<p>&nbsp;<\/p>\n<p><strong>Fonte:\u00a0<\/strong>Ag\u00eancia Brasil<\/p>\n","protected":false},"excerpt":{"rendered":"<p>Moradores do Distrito Federal ser\u00e3o obrigados, a partir de hoje (11), a usar m\u00e1scaras, consideradas essenciais para evitar o cont\u00e1gio por covid-19. A determina\u00e7\u00e3o, publicada em um decreto do governador Ibaneis Rocha, no dia 23 de abril, estabelece a obrigatoriedade do uso em todas as vias e espa\u00e7os p\u00fablicos, transportes p\u00fablicos coletivos, estabelecimentos comerciais, industriais [&hellip;]<\/p>\n","protected":false},"author":96,"featured_media":160024,"comment_status":"closed","ping_status":"closed","sticky":false,"template":"","format":"standard","meta":{"footnotes":""},"categories":[302,436,439],"tags":[],"class_list":["post-160023","post","type-post","status-publish","format-standard","has-post-thumbnail","hentry","category-brasil-mundo","category-destaque-da-semana","category-ultima-hora"],"_links":{"self":[{"href":"https:\/\/diarioregionaldigital.com.br\/index.php?rest_route=\/wp\/v2\/posts\/160023","targetHints":{"allow":["GET"]}}],"collection":[{"href":"https:\/\/diarioregionaldigital.com.br\/index.php?rest_route=\/wp\/v2\/posts"}],"about":[{"href":"https:\/\/diarioregionaldigital.com.br\/index.php?rest_route=\/wp\/v2\/types\/post"}],"author":[{"embeddable":true,"href":"https:\/\/diarioregionaldigital.com.br\/index.php?rest_route=\/wp\/v2\/users\/96"}],"replies":[{"embeddable":true,"href":"https:\/\/diarioregionaldigital.com.br\/index.php?rest_route=%2Fwp%2Fv2%2Fcomments&post=160023"}],"version-history":[{"count":0,"href":"https:\/\/diarioregionaldigital.com.br\/index.php?rest_route=\/wp\/v2\/posts\/160023\/revisions"}],"wp:featuredmedia":[{"embeddable":true,"href":"https:\/\/diarioregionaldigital.com.br\/index.php?rest_route=\/wp\/v2\/media\/160024"}],"wp:attachment":[{"href":"https:\/\/diarioregionaldigital.com.br\/index.php?rest_route=%2Fwp%2Fv2%2Fmedia&parent=160023"}],"wp:term":[{"taxonomy":"category","embeddable":true,"href":"https:\/\/diarioregionaldigital.com.br\/index.php?rest_route=%2Fwp%2Fv2%2Fcategories&post=160023"},{"taxonomy":"post_tag","embeddable":true,"href":"https:\/\/diarioregionaldigital.com.br\/index.php?rest_route=%2Fwp%2Fv2%2Ftags&post=160023"}],"curies":[{"name":"wp","href":"https:\/\/api.w.org\/{rel}","templated":true}]}}