{"id":160010,"date":"2020-05-09T20:51:36","date_gmt":"2020-05-09T23:51:36","guid":{"rendered":"https:\/\/diarioregionaldigital.com.br\/?p=160010"},"modified":"2020-05-09T20:51:36","modified_gmt":"2020-05-09T23:51:36","slug":"covid-19-juiz-de-fora-chega-a-328-casos-confirmados","status":"publish","type":"post","link":"https:\/\/diarioregionaldigital.com.br\/?p=160010","title":{"rendered":"Covid-19: Juiz de Fora chega a 328 casos confirmados"},"content":{"rendered":"<p>A Secretaria de Sa\u00fade\u00a0 (SS) da Prefeitura de Juiz de Fora (PJF), confirmou aumento para 328 casos confirmados de Coronav\u00edrus pelo munic\u00edpio. Al\u00e9m disso, o n\u00famero de mortes permanece em 17 e o n\u00famero de casos suspeitos aumentou de 2.847 para 2.883.<\/p>\n<p><strong>Levantamento do m\u00eas de maio<\/strong><\/p>\n<p>No dia 1\u00ba deste m\u00eas, Juiz de Fora tinha 2286 casos suspeitos, hoje (9), o n\u00famero chega a 2883. O n\u00famero de casos confirmados nesse per\u00edodo subiu de 214 para 328 e o n\u00famero de mortes subiu de 6 para 17.<\/p>\n<div><\/div>\n<div><\/div>\n","protected":false},"excerpt":{"rendered":"<p>A Secretaria de Sa\u00fade\u00a0 (SS) da Prefeitura de Juiz de Fora (PJF), confirmou aumento para 328 casos confirmados de Coronav\u00edrus pelo munic\u00edpio. Al\u00e9m disso, o n\u00famero de mortes permanece em 17 e o n\u00famero de casos suspeitos aumentou de 2.847 para 2.883. Levantamento do m\u00eas de maio No dia 1\u00ba deste m\u00eas, Juiz de Fora [&hellip;]<\/p>\n","protected":false},"author":96,"featured_media":160017,"comment_status":"closed","ping_status":"closed","sticky":false,"template":"","format":"standard","meta":{"footnotes":""},"categories":[253,436,440,439],"tags":[],"class_list":["post-160010","post","type-post","status-publish","format-standard","has-post-thumbnail","hentry","category-cidade","category-destaque-da-semana","category-destaques-do-dia","category-ultima-hora"],"_links":{"self":[{"href":"https:\/\/diarioregionaldigital.com.br\/index.php?rest_route=\/wp\/v2\/posts\/160010","targetHints":{"allow":["GET"]}}],"collection":[{"href":"https:\/\/diarioregionaldigital.com.br\/index.php?rest_route=\/wp\/v2\/posts"}],"about":[{"href":"https:\/\/diarioregionaldigital.com.br\/index.php?rest_route=\/wp\/v2\/types\/post"}],"author":[{"embeddable":true,"href":"https:\/\/diarioregionaldigital.com.br\/index.php?rest_route=\/wp\/v2\/users\/96"}],"replies":[{"embeddable":true,"href":"https:\/\/diarioregionaldigital.com.br\/index.php?rest_route=%2Fwp%2Fv2%2Fcomments&post=160010"}],"version-history":[{"count":0,"href":"https:\/\/diarioregionaldigital.com.br\/index.php?rest_route=\/wp\/v2\/posts\/160010\/revisions"}],"wp:featuredmedia":[{"embeddable":true,"href":"https:\/\/diarioregionaldigital.com.br\/index.php?rest_route=\/wp\/v2\/media\/160017"}],"wp:attachment":[{"href":"https:\/\/diarioregionaldigital.com.br\/index.php?rest_route=%2Fwp%2Fv2%2Fmedia&parent=160010"}],"wp:term":[{"taxonomy":"category","embeddable":true,"href":"https:\/\/diarioregionaldigital.com.br\/index.php?rest_route=%2Fwp%2Fv2%2Fcategories&post=160010"},{"taxonomy":"post_tag","embeddable":true,"href":"https:\/\/diarioregionaldigital.com.br\/index.php?rest_route=%2Fwp%2Fv2%2Ftags&post=160010"}],"curies":[{"name":"wp","href":"https:\/\/api.w.org\/{rel}","templated":true}]}}