{"id":160004,"date":"2020-05-10T06:00:14","date_gmt":"2020-05-10T09:00:14","guid":{"rendered":"https:\/\/diarioregionaldigital.com.br\/?p=160004"},"modified":"2020-05-09T17:19:07","modified_gmt":"2020-05-09T20:19:07","slug":"prefeitura-municipal-de-descoberto-extrato-10-05-2020","status":"publish","type":"post","link":"https:\/\/diarioregionaldigital.com.br\/?p=160004","title":{"rendered":"Prefeitura Municipal de Descoberto &#8211; Extrato &#8211; 10\/05\/2020"},"content":{"rendered":"<p style=\"text-align: center;\"><strong>EXTRATO DE CONTRATO<\/strong><\/p>\n<p style=\"text-align: center;\">Pref. Municipal de Descoberto x Posto Brotinho Ltda \u2013 Aquisi\u00e7\u00e3o de combust\u00edvel para todos setores da Prefeitura \u2013 Fundamento: Inexigibilidade n\u00ba 004\/2020 &#8211; Valor Global: 316.695,80 &#8211; Vig\u00eancia: 03 meses &#8211; Dot or\u00e7: 02.02007.243.0002.33903\/100- 02.02004.12.361.0003.256-339030\/100- 02.02001.04.122.0002.202-339030\/100- 02.02005.10.122.0002.284-339030\/102- 02.02002.04.81.0002.223-339030\/100- 02.02002.04.122.0002.218-339030\/100- 02.02006.15.122.0002.202-339030\/100 &#8211; Ass: 06\/05\/2020 &#8211; Foro: S\u00e3o Jo\u00e3o Nepomuceno\/MG.<\/p>\n<p style=\"text-align: center;\"><strong>Marcos de Ara\u00fajo Lima<\/strong><br \/>\n<strong>Prefeito Municipal<\/strong><\/p>\n","protected":false},"excerpt":{"rendered":"<p>EXTRATO DE CONTRATO Pref. Municipal de Descoberto x Posto Brotinho Ltda \u2013 Aquisi\u00e7\u00e3o de combust\u00edvel para todos setores da Prefeitura \u2013 Fundamento: Inexigibilidade n\u00ba 004\/2020 &#8211; Valor Global: 316.695,80 &#8211; Vig\u00eancia: 03 meses &#8211; Dot or\u00e7: 02.02007.243.0002.33903\/100- 02.02004.12.361.0003.256-339030\/100- 02.02001.04.122.0002.202-339030\/100- 02.02005.10.122.0002.284-339030\/102- 02.02002.04.81.0002.223-339030\/100- 02.02002.04.122.0002.218-339030\/100- 02.02006.15.122.0002.202-339030\/100 &#8211; Ass: 06\/05\/2020 &#8211; Foro: S\u00e3o Jo\u00e3o Nepomuceno\/MG. Marcos de Ara\u00fajo Lima [&hellip;]<\/p>\n","protected":false},"author":96,"featured_media":0,"comment_status":"closed","ping_status":"closed","sticky":false,"template":"","format":"standard","meta":{"footnotes":""},"categories":[307],"tags":[],"class_list":["post-160004","post","type-post","status-publish","format-standard","hentry","category-editais"],"_links":{"self":[{"href":"https:\/\/diarioregionaldigital.com.br\/index.php?rest_route=\/wp\/v2\/posts\/160004","targetHints":{"allow":["GET"]}}],"collection":[{"href":"https:\/\/diarioregionaldigital.com.br\/index.php?rest_route=\/wp\/v2\/posts"}],"about":[{"href":"https:\/\/diarioregionaldigital.com.br\/index.php?rest_route=\/wp\/v2\/types\/post"}],"author":[{"embeddable":true,"href":"https:\/\/diarioregionaldigital.com.br\/index.php?rest_route=\/wp\/v2\/users\/96"}],"replies":[{"embeddable":true,"href":"https:\/\/diarioregionaldigital.com.br\/index.php?rest_route=%2Fwp%2Fv2%2Fcomments&post=160004"}],"version-history":[{"count":0,"href":"https:\/\/diarioregionaldigital.com.br\/index.php?rest_route=\/wp\/v2\/posts\/160004\/revisions"}],"wp:attachment":[{"href":"https:\/\/diarioregionaldigital.com.br\/index.php?rest_route=%2Fwp%2Fv2%2Fmedia&parent=160004"}],"wp:term":[{"taxonomy":"category","embeddable":true,"href":"https:\/\/diarioregionaldigital.com.br\/index.php?rest_route=%2Fwp%2Fv2%2Fcategories&post=160004"},{"taxonomy":"post_tag","embeddable":true,"href":"https:\/\/diarioregionaldigital.com.br\/index.php?rest_route=%2Fwp%2Fv2%2Ftags&post=160004"}],"curies":[{"name":"wp","href":"https:\/\/api.w.org\/{rel}","templated":true}]}}