{"id":160002,"date":"2020-05-10T06:00:13","date_gmt":"2020-05-10T09:00:13","guid":{"rendered":"https:\/\/diarioregionaldigital.com.br\/?p=160002"},"modified":"2020-05-09T17:16:45","modified_gmt":"2020-05-09T20:16:45","slug":"dia-das-maes","status":"publish","type":"post","link":"https:\/\/diarioregionaldigital.com.br\/?p=160002","title":{"rendered":"\u201cDia das M\u00e3es\u201d"},"content":{"rendered":"<p style=\"text-align: center;\"><span style=\"font-size: 14pt;\"><strong>\u201cDia das M\u00e3es\u201d<\/strong><\/span><\/p>\n<p style=\"text-align: center;\">No domingo (10) \u00e9 comemorado o dia da rainha do lar: as m\u00e3es. Elas t\u00eam forma\u00e7\u00e3o, idades e trajet\u00f3rias de luta e sacrif\u00edcio. No momento atual, as m\u00e3es tem o papel de emocionar sem amedrontar, e distrair sem alienar. Nesse momento de isolamento social, esquecemos as mazelas da vida e agradecemos pelo privil\u00e9gio de poder contar com mulheres guerreiras, decididas e respirando amor. Atrav\u00e9s deste naipe mam\u00e3es do Brasil.<\/p>\n<div id=\"attachment_159962\" style=\"width: 690px\" class=\"wp-caption aligncenter\"><img loading=\"lazy\" decoding=\"async\" aria-describedby=\"caption-attachment-159962\" class=\"wp-image-159962\" src=\"https:\/\/diarioregionaldigital.com.br\/wp-content\/uploads\/2020\/05\/foto-e1589053242124.jpeg\" alt=\"\" width=\"680\" height=\"478\" srcset=\"https:\/\/diarioregionaldigital.com.br\/wp-content\/uploads\/2020\/05\/foto-e1589053242124.jpeg 1216w, https:\/\/diarioregionaldigital.com.br\/wp-content\/uploads\/2020\/05\/foto-e1589053242124-300x210.jpeg 300w, https:\/\/diarioregionaldigital.com.br\/wp-content\/uploads\/2020\/05\/foto-e1589053242124-768x539.jpeg 768w, https:\/\/diarioregionaldigital.com.br\/wp-content\/uploads\/2020\/05\/foto-e1589053242124-1024x719.jpeg 1024w, https:\/\/diarioregionaldigital.com.br\/wp-content\/uploads\/2020\/05\/foto-e1589053242124-360x253.jpeg 360w, https:\/\/diarioregionaldigital.com.br\/wp-content\/uploads\/2020\/05\/foto-e1589053242124-100x70.jpeg 100w\" sizes=\"auto, (max-width: 680px) 100vw, 680px\" \/><p id=\"caption-attachment-159962\" class=\"wp-caption-text\">Rose Oliveira e a querida mam\u00e3e Doralice Oliveira<\/p><\/div>\n<div id=\"attachment_159963\" style=\"width: 690px\" class=\"wp-caption aligncenter\"><img loading=\"lazy\" decoding=\"async\" aria-describedby=\"caption-attachment-159963\" class=\"wp-image-159963\" src=\"https:\/\/diarioregionaldigital.com.br\/wp-content\/uploads\/2020\/05\/fotoa-5-e1589053928362.jpg\" alt=\"\" width=\"680\" height=\"515\" srcset=\"https:\/\/diarioregionaldigital.com.br\/wp-content\/uploads\/2020\/05\/fotoa-5-e1589053928362.jpg 1648w, https:\/\/diarioregionaldigital.com.br\/wp-content\/uploads\/2020\/05\/fotoa-5-e1589053928362-300x227.jpg 300w, https:\/\/diarioregionaldigital.com.br\/wp-content\/uploads\/2020\/05\/fotoa-5-e1589053928362-768x582.jpg 768w, https:\/\/diarioregionaldigital.com.br\/wp-content\/uploads\/2020\/05\/fotoa-5-e1589053928362-1024x775.jpg 1024w, https:\/\/diarioregionaldigital.com.br\/wp-content\/uploads\/2020\/05\/fotoa-5-e1589053928362-360x273.jpg 360w\" sizes=\"auto, (max-width: 680px) 100vw, 680px\" \/><p id=\"caption-attachment-159963\" class=\"wp-caption-text\">A generosa mam\u00e3e Adelaide<\/p><\/div>\n<div id=\"attachment_159964\" style=\"width: 690px\" class=\"wp-caption aligncenter\"><img loading=\"lazy\" decoding=\"async\" aria-describedby=\"caption-attachment-159964\" class=\"wp-image-159964\" src=\"https:\/\/diarioregionaldigital.com.br\/wp-content\/uploads\/2020\/05\/fotoaa-e1589054044437.png\" alt=\"\" width=\"680\" height=\"536\" srcset=\"https:\/\/diarioregionaldigital.com.br\/wp-content\/uploads\/2020\/05\/fotoaa-e1589054044437.png 1240w, https:\/\/diarioregionaldigital.com.br\/wp-content\/uploads\/2020\/05\/fotoaa-e1589054044437-300x236.png 300w, https:\/\/diarioregionaldigital.com.br\/wp-content\/uploads\/2020\/05\/fotoaa-e1589054044437-768x605.png 768w, https:\/\/diarioregionaldigital.com.br\/wp-content\/uploads\/2020\/05\/fotoaa-e1589054044437-1024x807.png 1024w, https:\/\/diarioregionaldigital.com.br\/wp-content\/uploads\/2020\/05\/fotoaa-e1589054044437-360x284.png 360w\" sizes=\"auto, (max-width: 680px) 100vw, 680px\" \/><p id=\"caption-attachment-159964\" class=\"wp-caption-text\">A bonita Renata F\u00e9lix com sua m\u00e3e Nini Felix<\/p><\/div>\n<div id=\"attachment_159965\" style=\"width: 690px\" class=\"wp-caption aligncenter\"><img loading=\"lazy\" decoding=\"async\" aria-describedby=\"caption-attachment-159965\" class=\"wp-image-159965\" src=\"https:\/\/diarioregionaldigital.com.br\/wp-content\/uploads\/2020\/05\/fotob-5-e1589054094270.jpg\" alt=\"\" width=\"680\" height=\"472\" srcset=\"https:\/\/diarioregionaldigital.com.br\/wp-content\/uploads\/2020\/05\/fotob-5-e1589054094270.jpg 1764w, https:\/\/diarioregionaldigital.com.br\/wp-content\/uploads\/2020\/05\/fotob-5-e1589054094270-300x208.jpg 300w, https:\/\/diarioregionaldigital.com.br\/wp-content\/uploads\/2020\/05\/fotob-5-e1589054094270-768x533.jpg 768w, https:\/\/diarioregionaldigital.com.br\/wp-content\/uploads\/2020\/05\/fotob-5-e1589054094270-1024x711.jpg 1024w, https:\/\/diarioregionaldigital.com.br\/wp-content\/uploads\/2020\/05\/fotob-5-e1589054094270-360x250.jpg 360w, https:\/\/diarioregionaldigital.com.br\/wp-content\/uploads\/2020\/05\/fotob-5-e1589054094270-100x70.jpg 100w\" sizes=\"auto, (max-width: 680px) 100vw, 680px\" \/><p id=\"caption-attachment-159965\" class=\"wp-caption-text\">A mam\u00e3e sensa\u00e7\u00e3o Myrliane Le\u00e3o (ONU) com Eduardo Gomes<\/p><\/div>\n<div id=\"attachment_159966\" style=\"width: 690px\" class=\"wp-caption aligncenter\"><img loading=\"lazy\" decoding=\"async\" aria-describedby=\"caption-attachment-159966\" class=\"wp-image-159966\" src=\"https:\/\/diarioregionaldigital.com.br\/wp-content\/uploads\/2020\/05\/fotoc-5-e1589054136689.jpg\" alt=\"\" width=\"680\" height=\"478\" srcset=\"https:\/\/diarioregionaldigital.com.br\/wp-content\/uploads\/2020\/05\/fotoc-5-e1589054136689.jpg 1846w, https:\/\/diarioregionaldigital.com.br\/wp-content\/uploads\/2020\/05\/fotoc-5-e1589054136689-300x210.jpg 300w, https:\/\/diarioregionaldigital.com.br\/wp-content\/uploads\/2020\/05\/fotoc-5-e1589054136689-768x540.jpg 768w, https:\/\/diarioregionaldigital.com.br\/wp-content\/uploads\/2020\/05\/fotoc-5-e1589054136689-1024x719.jpg 1024w, https:\/\/diarioregionaldigital.com.br\/wp-content\/uploads\/2020\/05\/fotoc-5-e1589054136689-360x253.jpg 360w, https:\/\/diarioregionaldigital.com.br\/wp-content\/uploads\/2020\/05\/fotoc-5-e1589054136689-100x70.jpg 100w\" sizes=\"auto, (max-width: 680px) 100vw, 680px\" \/><p id=\"caption-attachment-159966\" class=\"wp-caption-text\">Eduardo Gomes com a competente mam\u00e3e delegada \u00c2ngela Fellet<\/p><\/div>\n<div id=\"attachment_159967\" style=\"width: 690px\" class=\"wp-caption aligncenter\"><img loading=\"lazy\" decoding=\"async\" aria-describedby=\"caption-attachment-159967\" class=\"wp-image-159967\" src=\"https:\/\/diarioregionaldigital.com.br\/wp-content\/uploads\/2020\/05\/fotod-5-e1589054170557.jpg\" alt=\"\" width=\"680\" height=\"516\" srcset=\"https:\/\/diarioregionaldigital.com.br\/wp-content\/uploads\/2020\/05\/fotod-5-e1589054170557.jpg 1767w, https:\/\/diarioregionaldigital.com.br\/wp-content\/uploads\/2020\/05\/fotod-5-e1589054170557-300x228.jpg 300w, https:\/\/diarioregionaldigital.com.br\/wp-content\/uploads\/2020\/05\/fotod-5-e1589054170557-768x582.jpg 768w, https:\/\/diarioregionaldigital.com.br\/wp-content\/uploads\/2020\/05\/fotod-5-e1589054170557-1024x777.jpg 1024w, https:\/\/diarioregionaldigital.com.br\/wp-content\/uploads\/2020\/05\/fotod-5-e1589054170557-360x273.jpg 360w\" sizes=\"auto, (max-width: 680px) 100vw, 680px\" \/><p id=\"caption-attachment-159967\" class=\"wp-caption-text\">A mam\u00e3e professora e atleta, Neuza Marsicano<\/p><\/div>\n<div id=\"attachment_159968\" style=\"width: 690px\" class=\"wp-caption aligncenter\"><img loading=\"lazy\" decoding=\"async\" aria-describedby=\"caption-attachment-159968\" class=\"wp-image-159968\" src=\"https:\/\/diarioregionaldigital.com.br\/wp-content\/uploads\/2020\/05\/fotoe-5-e1589054202662.jpg\" alt=\"\" width=\"680\" height=\"532\" srcset=\"https:\/\/diarioregionaldigital.com.br\/wp-content\/uploads\/2020\/05\/fotoe-5-e1589054202662.jpg 1690w, https:\/\/diarioregionaldigital.com.br\/wp-content\/uploads\/2020\/05\/fotoe-5-e1589054202662-300x235.jpg 300w, https:\/\/diarioregionaldigital.com.br\/wp-content\/uploads\/2020\/05\/fotoe-5-e1589054202662-768x601.jpg 768w, https:\/\/diarioregionaldigital.com.br\/wp-content\/uploads\/2020\/05\/fotoe-5-e1589054202662-1024x801.jpg 1024w, https:\/\/diarioregionaldigital.com.br\/wp-content\/uploads\/2020\/05\/fotoe-5-e1589054202662-360x282.jpg 360w\" sizes=\"auto, (max-width: 680px) 100vw, 680px\" \/><p id=\"caption-attachment-159968\" class=\"wp-caption-text\">A mam\u00e3e defensora dos animais, Miriam Neder<\/p><\/div>\n<div id=\"attachment_159969\" style=\"width: 690px\" class=\"wp-caption aligncenter\"><img loading=\"lazy\" decoding=\"async\" aria-describedby=\"caption-attachment-159969\" class=\"wp-image-159969\" src=\"https:\/\/diarioregionaldigital.com.br\/wp-content\/uploads\/2020\/05\/fotof-5-e1589054348379.jpg\" alt=\"\" width=\"680\" height=\"507\" srcset=\"https:\/\/diarioregionaldigital.com.br\/wp-content\/uploads\/2020\/05\/fotof-5-e1589054348379.jpg 1582w, https:\/\/diarioregionaldigital.com.br\/wp-content\/uploads\/2020\/05\/fotof-5-e1589054348379-300x224.jpg 300w, https:\/\/diarioregionaldigital.com.br\/wp-content\/uploads\/2020\/05\/fotof-5-e1589054348379-768x573.jpg 768w, https:\/\/diarioregionaldigital.com.br\/wp-content\/uploads\/2020\/05\/fotof-5-e1589054348379-1024x764.jpg 1024w, https:\/\/diarioregionaldigital.com.br\/wp-content\/uploads\/2020\/05\/fotof-5-e1589054348379-360x269.jpg 360w\" sizes=\"auto, (max-width: 680px) 100vw, 680px\" \/><p id=\"caption-attachment-159969\" class=\"wp-caption-text\">A mam\u00e3es Candy La\u00eds Neto com a filha Nayane Neto<\/p><\/div>\n<div id=\"attachment_159970\" style=\"width: 690px\" class=\"wp-caption aligncenter\"><img loading=\"lazy\" decoding=\"async\" aria-describedby=\"caption-attachment-159970\" class=\"wp-image-159970\" src=\"https:\/\/diarioregionaldigital.com.br\/wp-content\/uploads\/2020\/05\/fotog-5-e1589054380489.jpg\" alt=\"\" width=\"680\" height=\"534\" srcset=\"https:\/\/diarioregionaldigital.com.br\/wp-content\/uploads\/2020\/05\/fotog-5-e1589054380489.jpg 1778w, https:\/\/diarioregionaldigital.com.br\/wp-content\/uploads\/2020\/05\/fotog-5-e1589054380489-300x235.jpg 300w, https:\/\/diarioregionaldigital.com.br\/wp-content\/uploads\/2020\/05\/fotog-5-e1589054380489-768x603.jpg 768w, https:\/\/diarioregionaldigital.com.br\/wp-content\/uploads\/2020\/05\/fotog-5-e1589054380489-1024x803.jpg 1024w, https:\/\/diarioregionaldigital.com.br\/wp-content\/uploads\/2020\/05\/fotog-5-e1589054380489-360x282.jpg 360w\" sizes=\"auto, (max-width: 680px) 100vw, 680px\" \/><p id=\"caption-attachment-159970\" class=\"wp-caption-text\">A mam\u00e3e dermatologista, La\u00eds Vieira<\/p><\/div>\n<div id=\"attachment_159971\" style=\"width: 690px\" class=\"wp-caption aligncenter\"><img loading=\"lazy\" decoding=\"async\" aria-describedby=\"caption-attachment-159971\" class=\"wp-image-159971\" src=\"https:\/\/diarioregionaldigital.com.br\/wp-content\/uploads\/2020\/05\/fotoh-5-e1589054411590.jpg\" alt=\"\" width=\"680\" height=\"510\" srcset=\"https:\/\/diarioregionaldigital.com.br\/wp-content\/uploads\/2020\/05\/fotoh-5-e1589054411590.jpg 1696w, https:\/\/diarioregionaldigital.com.br\/wp-content\/uploads\/2020\/05\/fotoh-5-e1589054411590-300x225.jpg 300w, https:\/\/diarioregionaldigital.com.br\/wp-content\/uploads\/2020\/05\/fotoh-5-e1589054411590-768x576.jpg 768w, https:\/\/diarioregionaldigital.com.br\/wp-content\/uploads\/2020\/05\/fotoh-5-e1589054411590-1024x769.jpg 1024w, https:\/\/diarioregionaldigital.com.br\/wp-content\/uploads\/2020\/05\/fotoh-5-e1589054411590-360x270.jpg 360w\" sizes=\"auto, (max-width: 680px) 100vw, 680px\" \/><p id=\"caption-attachment-159971\" class=\"wp-caption-text\">A querida mam\u00e3e Jandira Rossini<\/p><\/div>\n<div id=\"attachment_159972\" style=\"width: 690px\" class=\"wp-caption aligncenter\"><img loading=\"lazy\" decoding=\"async\" aria-describedby=\"caption-attachment-159972\" class=\"wp-image-159972\" src=\"https:\/\/diarioregionaldigital.com.br\/wp-content\/uploads\/2020\/05\/fotoi-4-e1589054443726.jpg\" alt=\"\" width=\"680\" height=\"484\" srcset=\"https:\/\/diarioregionaldigital.com.br\/wp-content\/uploads\/2020\/05\/fotoi-4-e1589054443726.jpg 1627w, https:\/\/diarioregionaldigital.com.br\/wp-content\/uploads\/2020\/05\/fotoi-4-e1589054443726-300x214.jpg 300w, https:\/\/diarioregionaldigital.com.br\/wp-content\/uploads\/2020\/05\/fotoi-4-e1589054443726-768x547.jpg 768w, https:\/\/diarioregionaldigital.com.br\/wp-content\/uploads\/2020\/05\/fotoi-4-e1589054443726-1024x729.jpg 1024w, https:\/\/diarioregionaldigital.com.br\/wp-content\/uploads\/2020\/05\/fotoi-4-e1589054443726-360x256.jpg 360w, https:\/\/diarioregionaldigital.com.br\/wp-content\/uploads\/2020\/05\/fotoi-4-e1589054443726-100x70.jpg 100w\" sizes=\"auto, (max-width: 680px) 100vw, 680px\" \/><p id=\"caption-attachment-159972\" class=\"wp-caption-text\">Mam\u00e3es superstar: Gabriela e Cristina Macedo<\/p><\/div>\n<div id=\"attachment_159973\" style=\"width: 690px\" class=\"wp-caption aligncenter\"><img loading=\"lazy\" decoding=\"async\" aria-describedby=\"caption-attachment-159973\" class=\"wp-image-159973\" src=\"https:\/\/diarioregionaldigital.com.br\/wp-content\/uploads\/2020\/05\/fotoj-4-e1589054552426.jpg\" alt=\"\" width=\"680\" height=\"533\" srcset=\"https:\/\/diarioregionaldigital.com.br\/wp-content\/uploads\/2020\/05\/fotoj-4-e1589054552426.jpg 1702w, https:\/\/diarioregionaldigital.com.br\/wp-content\/uploads\/2020\/05\/fotoj-4-e1589054552426-300x235.jpg 300w, https:\/\/diarioregionaldigital.com.br\/wp-content\/uploads\/2020\/05\/fotoj-4-e1589054552426-768x602.jpg 768w, https:\/\/diarioregionaldigital.com.br\/wp-content\/uploads\/2020\/05\/fotoj-4-e1589054552426-1024x803.jpg 1024w, https:\/\/diarioregionaldigital.com.br\/wp-content\/uploads\/2020\/05\/fotoj-4-e1589054552426-360x282.jpg 360w\" sizes=\"auto, (max-width: 680px) 100vw, 680px\" \/><p id=\"caption-attachment-159973\" class=\"wp-caption-text\">Mam\u00e3e elegante: Lucia Moreira<\/p><\/div>\n<div id=\"attachment_159974\" style=\"width: 690px\" class=\"wp-caption aligncenter\"><img loading=\"lazy\" decoding=\"async\" aria-describedby=\"caption-attachment-159974\" class=\"wp-image-159974\" src=\"https:\/\/diarioregionaldigital.com.br\/wp-content\/uploads\/2020\/05\/fotol-4.jpg\" alt=\"\" width=\"680\" height=\"468\" srcset=\"https:\/\/diarioregionaldigital.com.br\/wp-content\/uploads\/2020\/05\/fotol-4.jpg 2448w, https:\/\/diarioregionaldigital.com.br\/wp-content\/uploads\/2020\/05\/fotol-4-300x206.jpg 300w, https:\/\/diarioregionaldigital.com.br\/wp-content\/uploads\/2020\/05\/fotol-4-768x528.jpg 768w, https:\/\/diarioregionaldigital.com.br\/wp-content\/uploads\/2020\/05\/fotol-4-1024x704.jpg 1024w, https:\/\/diarioregionaldigital.com.br\/wp-content\/uploads\/2020\/05\/fotol-4-360x248.jpg 360w, https:\/\/diarioregionaldigital.com.br\/wp-content\/uploads\/2020\/05\/fotol-4-100x70.jpg 100w\" sizes=\"auto, (max-width: 680px) 100vw, 680px\" \/><p id=\"caption-attachment-159974\" class=\"wp-caption-text\">Eduardo Gomes com mam\u00e3e solid\u00e1ria, Concei\u00e7\u00e3o Dornelas<\/p><\/div>\n<div id=\"attachment_159975\" style=\"width: 690px\" class=\"wp-caption aligncenter\"><img loading=\"lazy\" decoding=\"async\" aria-describedby=\"caption-attachment-159975\" class=\"wp-image-159975\" src=\"https:\/\/diarioregionaldigital.com.br\/wp-content\/uploads\/2020\/05\/fotom-4-e1589054598143.jpg\" alt=\"\" width=\"680\" height=\"567\" srcset=\"https:\/\/diarioregionaldigital.com.br\/wp-content\/uploads\/2020\/05\/fotom-4-e1589054598143.jpg 1488w, https:\/\/diarioregionaldigital.com.br\/wp-content\/uploads\/2020\/05\/fotom-4-e1589054598143-300x250.jpg 300w, https:\/\/diarioregionaldigital.com.br\/wp-content\/uploads\/2020\/05\/fotom-4-e1589054598143-768x640.jpg 768w, https:\/\/diarioregionaldigital.com.br\/wp-content\/uploads\/2020\/05\/fotom-4-e1589054598143-1024x853.jpg 1024w, https:\/\/diarioregionaldigital.com.br\/wp-content\/uploads\/2020\/05\/fotom-4-e1589054598143-360x300.jpg 360w\" sizes=\"auto, (max-width: 680px) 100vw, 680px\" \/><p id=\"caption-attachment-159975\" class=\"wp-caption-text\">A super mam\u00e3e Aurea Cassia Almeida<\/p><\/div>\n<div id=\"attachment_159976\" style=\"width: 690px\" class=\"wp-caption aligncenter\"><img loading=\"lazy\" decoding=\"async\" aria-describedby=\"caption-attachment-159976\" class=\"wp-image-159976\" src=\"https:\/\/diarioregionaldigital.com.br\/wp-content\/uploads\/2020\/05\/foton-3-e1589054633803.jpg\" alt=\"\" width=\"680\" height=\"521\" srcset=\"https:\/\/diarioregionaldigital.com.br\/wp-content\/uploads\/2020\/05\/foton-3-e1589054633803.jpg 1792w, https:\/\/diarioregionaldigital.com.br\/wp-content\/uploads\/2020\/05\/foton-3-e1589054633803-300x230.jpg 300w, https:\/\/diarioregionaldigital.com.br\/wp-content\/uploads\/2020\/05\/foton-3-e1589054633803-768x589.jpg 768w, https:\/\/diarioregionaldigital.com.br\/wp-content\/uploads\/2020\/05\/foton-3-e1589054633803-1024x785.jpg 1024w, https:\/\/diarioregionaldigital.com.br\/wp-content\/uploads\/2020\/05\/foton-3-e1589054633803-360x276.jpg 360w\" sizes=\"auto, (max-width: 680px) 100vw, 680px\" \/><p id=\"caption-attachment-159976\" class=\"wp-caption-text\">Fred Alvim e a mam\u00e3e carinho Maria Isabel Alvim<\/p><\/div>\n<div id=\"attachment_159977\" style=\"width: 690px\" class=\"wp-caption aligncenter\"><img loading=\"lazy\" decoding=\"async\" aria-describedby=\"caption-attachment-159977\" class=\"wp-image-159977\" src=\"https:\/\/diarioregionaldigital.com.br\/wp-content\/uploads\/2020\/05\/fotoo-3-e1589054676671.jpg\" alt=\"\" width=\"680\" height=\"499\" srcset=\"https:\/\/diarioregionaldigital.com.br\/wp-content\/uploads\/2020\/05\/fotoo-3-e1589054676671.jpg 1673w, https:\/\/diarioregionaldigital.com.br\/wp-content\/uploads\/2020\/05\/fotoo-3-e1589054676671-300x220.jpg 300w, https:\/\/diarioregionaldigital.com.br\/wp-content\/uploads\/2020\/05\/fotoo-3-e1589054676671-768x563.jpg 768w, https:\/\/diarioregionaldigital.com.br\/wp-content\/uploads\/2020\/05\/fotoo-3-e1589054676671-1024x751.jpg 1024w, https:\/\/diarioregionaldigital.com.br\/wp-content\/uploads\/2020\/05\/fotoo-3-e1589054676671-360x264.jpg 360w\" sizes=\"auto, (max-width: 680px) 100vw, 680px\" \/><p id=\"caption-attachment-159977\" class=\"wp-caption-text\">As mam\u00e3es p\u00e9rolas negras, Ivanir Ferreira e Regina Ferreira Chillis<\/p><\/div>\n<div id=\"attachment_159978\" style=\"width: 690px\" class=\"wp-caption aligncenter\"><img loading=\"lazy\" decoding=\"async\" aria-describedby=\"caption-attachment-159978\" class=\"wp-image-159978\" src=\"https:\/\/diarioregionaldigital.com.br\/wp-content\/uploads\/2020\/05\/fotop-3-e1589054709587.jpg\" alt=\"\" width=\"680\" height=\"500\" srcset=\"https:\/\/diarioregionaldigital.com.br\/wp-content\/uploads\/2020\/05\/fotop-3-e1589054709587.jpg 1698w, https:\/\/diarioregionaldigital.com.br\/wp-content\/uploads\/2020\/05\/fotop-3-e1589054709587-300x220.jpg 300w, https:\/\/diarioregionaldigital.com.br\/wp-content\/uploads\/2020\/05\/fotop-3-e1589054709587-768x564.jpg 768w, https:\/\/diarioregionaldigital.com.br\/wp-content\/uploads\/2020\/05\/fotop-3-e1589054709587-1024x753.jpg 1024w, https:\/\/diarioregionaldigital.com.br\/wp-content\/uploads\/2020\/05\/fotop-3-e1589054709587-360x265.jpg 360w\" sizes=\"auto, (max-width: 680px) 100vw, 680px\" \/><p id=\"caption-attachment-159978\" class=\"wp-caption-text\">Mam\u00e3e V\u00e2nia Borato recebendo carinho de Ricardo Alex e M\u00e1rcio Marques<\/p><\/div>\n<div id=\"attachment_159979\" style=\"width: 690px\" class=\"wp-caption aligncenter\"><img loading=\"lazy\" decoding=\"async\" aria-describedby=\"caption-attachment-159979\" class=\"wp-image-159979\" src=\"https:\/\/diarioregionaldigital.com.br\/wp-content\/uploads\/2020\/05\/fotoq-2-e1589054748765.jpg\" alt=\"\" width=\"680\" height=\"482\" srcset=\"https:\/\/diarioregionaldigital.com.br\/wp-content\/uploads\/2020\/05\/fotoq-2-e1589054748765.jpg 1781w, https:\/\/diarioregionaldigital.com.br\/wp-content\/uploads\/2020\/05\/fotoq-2-e1589054748765-300x213.jpg 300w, https:\/\/diarioregionaldigital.com.br\/wp-content\/uploads\/2020\/05\/fotoq-2-e1589054748765-768x544.jpg 768w, https:\/\/diarioregionaldigital.com.br\/wp-content\/uploads\/2020\/05\/fotoq-2-e1589054748765-1024x726.jpg 1024w, https:\/\/diarioregionaldigital.com.br\/wp-content\/uploads\/2020\/05\/fotoq-2-e1589054748765-750x530.jpg 750w, https:\/\/diarioregionaldigital.com.br\/wp-content\/uploads\/2020\/05\/fotoq-2-e1589054748765-360x255.jpg 360w, https:\/\/diarioregionaldigital.com.br\/wp-content\/uploads\/2020\/05\/fotoq-2-e1589054748765-100x70.jpg 100w\" sizes=\"auto, (max-width: 680px) 100vw, 680px\" \/><p id=\"caption-attachment-159979\" class=\"wp-caption-text\">Mam\u00e3es queridas: Let\u00edcia Fortini, Maria Pires, M\u00f4nica Gomide Guimar\u00e3es, Andrea Picorelli, Wanda Magnolo e Heliana Aglio<\/p><\/div>\n<div id=\"attachment_159980\" style=\"width: 690px\" class=\"wp-caption aligncenter\"><img loading=\"lazy\" decoding=\"async\" aria-describedby=\"caption-attachment-159980\" class=\"wp-image-159980\" src=\"https:\/\/diarioregionaldigital.com.br\/wp-content\/uploads\/2020\/05\/fotor-1-e1589054797151.jpg\" alt=\"\" width=\"680\" height=\"568\" srcset=\"https:\/\/diarioregionaldigital.com.br\/wp-content\/uploads\/2020\/05\/fotor-1-e1589054797151.jpg 1660w, https:\/\/diarioregionaldigital.com.br\/wp-content\/uploads\/2020\/05\/fotor-1-e1589054797151-300x250.jpg 300w, https:\/\/diarioregionaldigital.com.br\/wp-content\/uploads\/2020\/05\/fotor-1-e1589054797151-768x641.jpg 768w, https:\/\/diarioregionaldigital.com.br\/wp-content\/uploads\/2020\/05\/fotor-1-e1589054797151-1024x855.jpg 1024w, https:\/\/diarioregionaldigital.com.br\/wp-content\/uploads\/2020\/05\/fotor-1-e1589054797151-360x301.jpg 360w\" sizes=\"auto, (max-width: 680px) 100vw, 680px\" \/><p id=\"caption-attachment-159980\" class=\"wp-caption-text\">As queridas mam\u00e3es Sircom: Fl\u00e1via Arag\u00e3o Platz e Jane Arag\u00e3o<\/p><\/div>\n<div id=\"attachment_159981\" style=\"width: 690px\" class=\"wp-caption aligncenter\"><img loading=\"lazy\" decoding=\"async\" aria-describedby=\"caption-attachment-159981\" class=\"wp-image-159981\" src=\"https:\/\/diarioregionaldigital.com.br\/wp-content\/uploads\/2020\/05\/fotos-e1589054871686.jpg\" alt=\"\" width=\"680\" height=\"508\" srcset=\"https:\/\/diarioregionaldigital.com.br\/wp-content\/uploads\/2020\/05\/fotos-e1589054871686.jpg 1814w, https:\/\/diarioregionaldigital.com.br\/wp-content\/uploads\/2020\/05\/fotos-e1589054871686-300x224.jpg 300w, https:\/\/diarioregionaldigital.com.br\/wp-content\/uploads\/2020\/05\/fotos-e1589054871686-768x573.jpg 768w, https:\/\/diarioregionaldigital.com.br\/wp-content\/uploads\/2020\/05\/fotos-e1589054871686-1024x764.jpg 1024w, https:\/\/diarioregionaldigital.com.br\/wp-content\/uploads\/2020\/05\/fotos-e1589054871686-360x269.jpg 360w\" sizes=\"auto, (max-width: 680px) 100vw, 680px\" \/><p id=\"caption-attachment-159981\" class=\"wp-caption-text\">O carinho de Eduardo Gomes com a mam\u00e3e amiga Jacqueline Vianna<\/p><\/div>\n<div id=\"attachment_159982\" style=\"width: 690px\" class=\"wp-caption aligncenter\"><img loading=\"lazy\" decoding=\"async\" aria-describedby=\"caption-attachment-159982\" class=\"wp-image-159982\" src=\"https:\/\/diarioregionaldigital.com.br\/wp-content\/uploads\/2020\/05\/fotot-e1589054903327.jpg\" alt=\"\" width=\"680\" height=\"551\" srcset=\"https:\/\/diarioregionaldigital.com.br\/wp-content\/uploads\/2020\/05\/fotot-e1589054903327.jpg 1418w, https:\/\/diarioregionaldigital.com.br\/wp-content\/uploads\/2020\/05\/fotot-e1589054903327-300x243.jpg 300w, https:\/\/diarioregionaldigital.com.br\/wp-content\/uploads\/2020\/05\/fotot-e1589054903327-768x622.jpg 768w, https:\/\/diarioregionaldigital.com.br\/wp-content\/uploads\/2020\/05\/fotot-e1589054903327-1024x830.jpg 1024w, https:\/\/diarioregionaldigital.com.br\/wp-content\/uploads\/2020\/05\/fotot-e1589054903327-360x292.jpg 360w\" sizes=\"auto, (max-width: 680px) 100vw, 680px\" \/><p id=\"caption-attachment-159982\" class=\"wp-caption-text\">A mam\u00e3e sensa\u00e7\u00e3o, Claudia Matos<\/p><\/div>\n<div id=\"attachment_159983\" style=\"width: 690px\" class=\"wp-caption aligncenter\"><img loading=\"lazy\" decoding=\"async\" aria-describedby=\"caption-attachment-159983\" class=\"wp-image-159983\" src=\"https:\/\/diarioregionaldigital.com.br\/wp-content\/uploads\/2020\/05\/fotou-e1589054936220.jpg\" alt=\"\" width=\"680\" height=\"519\" srcset=\"https:\/\/diarioregionaldigital.com.br\/wp-content\/uploads\/2020\/05\/fotou-e1589054936220.jpg 1696w, https:\/\/diarioregionaldigital.com.br\/wp-content\/uploads\/2020\/05\/fotou-e1589054936220-300x229.jpg 300w, https:\/\/diarioregionaldigital.com.br\/wp-content\/uploads\/2020\/05\/fotou-e1589054936220-768x586.jpg 768w, https:\/\/diarioregionaldigital.com.br\/wp-content\/uploads\/2020\/05\/fotou-e1589054936220-1024x781.jpg 1024w, https:\/\/diarioregionaldigital.com.br\/wp-content\/uploads\/2020\/05\/fotou-e1589054936220-360x275.jpg 360w\" sizes=\"auto, (max-width: 680px) 100vw, 680px\" \/><p id=\"caption-attachment-159983\" class=\"wp-caption-text\">As mam\u00e3es Ascomcer, Gemma Brand\u00e3o e Alessandra Sampaio<\/p><\/div>\n<p style=\"text-align: center;\"><strong>FOTOSS\u00cdNTESE<\/strong><\/p>\n<p>Hoje 10 de maio \u00e9 o \u201cDia das M\u00e3es\u201d, nossa homenagem para : Maria Rita Gomes da Rocha, Maria Helena Reis, Gemma Brand\u00e3o, Nequitz Miguel, Wanda Magnolo, Conceil\u00e7\u00e3o Dornelas, V\u00e2nia Piccinini e Silva Maria Pires, Jacqueline Vianna, Jussara Gomes, Patricia Caniato, Beth Urgal, Sandra Portella, Maria do Carmo Saleme, Raquel Koch, Regina Petermann, Nini Felix, Cris Bissoli, Juliana Melo, Rosangela Rossi, Elizangela Gomes, Fl\u00e1via Arag\u00e3o Platz e Jane Arag\u00e3o. Parab\u00e9ns.<\/p>\n<p>Digno de elogios, o contador e consultor de neg\u00f3cios, o jovem Douglas Costa causou impacto com sua live usando o tema \u201cFerramentas para Organiza\u00e7\u00e3o e produtividade\u201d.<\/p>\n<p>Fazendo sucesso no YouTube, a bonita jornalista Talita Magnolo, divulgando em seu canal a pesquisa de seu doutorado na UFJF.<\/p>\n<p>Luismar Mendes estreou o programa \u201cFala JF\u201d em seu Instagram. O jornalista entrevistou o Doutor em economia aplicada Fernanda Agra.<\/p>\n<p>Carolina Campos al\u00e9m de liderar a Vaporetto, aposta no home office trabalhando e curtindo suas massa e pizzas com um bom vinho.<\/p>\n<p>Amigas e apoiadoras desta coluna as elegantes Lucinha Silva (veneno), Nilza Venuto (Obsess\u00e3o), Ana Paula e Daniela Gervason (BonJour), Lidiane Stambassi (Stambassi), est\u00e3o ansiosas para o com\u00e9rcio reabrir para mostrar a cole\u00e7\u00e3o outono-inverno.<\/p>\n<p>Em contagem regressiva para abrir o sal\u00e3o, os cabelereiros: Rhuan Fontes ,Carlos Badico, Andr\u00e9 Pavam, Leandro Calixto e Baby Mancini.<\/p>\n<p>O que ser\u00e1? \u201cEssa tend\u00eancia da genuinidade vai continuar quando o v\u00edrus se for. Recupere DNA de sua vida. No futuro apenas uma coisa \u00e9 certa: a postura de agora ser\u00e1 fundamental na sobreviv\u00eancia do depois\u201d. Bom dia.<\/p>\n","protected":false},"excerpt":{"rendered":"<p>\u201cDia das M\u00e3es\u201d No domingo (10) \u00e9 comemorado o dia da rainha do lar: as m\u00e3es. Elas t\u00eam forma\u00e7\u00e3o, idades e trajet\u00f3rias de luta e sacrif\u00edcio. No momento atual, as m\u00e3es tem o papel de emocionar sem amedrontar, e distrair sem alienar. Nesse momento de isolamento social, esquecemos as mazelas da vida e agradecemos pelo [&hellip;]<\/p>\n","protected":false},"author":96,"featured_media":159962,"comment_status":"closed","ping_status":"closed","sticky":false,"template":"","format":"standard","meta":{"footnotes":""},"categories":[264],"tags":[],"class_list":["post-160002","post","type-post","status-publish","format-standard","has-post-thumbnail","hentry","category-eduardo-gomes"],"_links":{"self":[{"href":"https:\/\/diarioregionaldigital.com.br\/index.php?rest_route=\/wp\/v2\/posts\/160002","targetHints":{"allow":["GET"]}}],"collection":[{"href":"https:\/\/diarioregionaldigital.com.br\/index.php?rest_route=\/wp\/v2\/posts"}],"about":[{"href":"https:\/\/diarioregionaldigital.com.br\/index.php?rest_route=\/wp\/v2\/types\/post"}],"author":[{"embeddable":true,"href":"https:\/\/diarioregionaldigital.com.br\/index.php?rest_route=\/wp\/v2\/users\/96"}],"replies":[{"embeddable":true,"href":"https:\/\/diarioregionaldigital.com.br\/index.php?rest_route=%2Fwp%2Fv2%2Fcomments&post=160002"}],"version-history":[{"count":0,"href":"https:\/\/diarioregionaldigital.com.br\/index.php?rest_route=\/wp\/v2\/posts\/160002\/revisions"}],"wp:featuredmedia":[{"embeddable":true,"href":"https:\/\/diarioregionaldigital.com.br\/index.php?rest_route=\/wp\/v2\/media\/159962"}],"wp:attachment":[{"href":"https:\/\/diarioregionaldigital.com.br\/index.php?rest_route=%2Fwp%2Fv2%2Fmedia&parent=160002"}],"wp:term":[{"taxonomy":"category","embeddable":true,"href":"https:\/\/diarioregionaldigital.com.br\/index.php?rest_route=%2Fwp%2Fv2%2Fcategories&post=160002"},{"taxonomy":"post_tag","embeddable":true,"href":"https:\/\/diarioregionaldigital.com.br\/index.php?rest_route=%2Fwp%2Fv2%2Ftags&post=160002"}],"curies":[{"name":"wp","href":"https:\/\/api.w.org\/{rel}","templated":true}]}}