{"id":159998,"date":"2020-05-09T14:24:01","date_gmt":"2020-05-09T17:24:01","guid":{"rendered":"https:\/\/diarioregionaldigital.com.br\/?p=159998"},"modified":"2020-05-09T14:24:01","modified_gmt":"2020-05-09T17:24:01","slug":"dois-autores-sao-presos-por-posse-ilegal-de-arma-de-fogo","status":"publish","type":"post","link":"https:\/\/diarioregionaldigital.com.br\/?p=159998","title":{"rendered":"Dois autores s\u00e3o presos por posse ilegal de arma de fogo"},"content":{"rendered":"<p>A Pol\u00edcia Militar (PM), prendeu na noite dessa sexta-feira (8), dois indiv\u00edduos por posse ilegal de arma de fogo. O primeiro caso ocorreu no Bairro Nova Gramado, onde os policiais cumpriram mandado de busca e apreens\u00e3o no Bairro Nova Gramado. Ao chegar na resid\u00eancia informada, um idoso de 60 anos foi preso em flagrante e foram encontrados oito armas de fogo, 35 muni\u00e7\u00f5es calibre 6.35, 30 muni\u00e7\u00f5es calibre .357 e 254 projeteis de calibre .380 para recarga de muni\u00e7\u00f5es.<\/p>\n<p>O segundo caso ocorreu no Bairro Santana, onde os policiais receberam den\u00fancia sobre arma de fogo registrada no nome do pai do suspeito. Ao chegar na resid\u00eancia, a tal arma n\u00e3o foi localizada e a testemunha relatou que a arma estava na casa do filho no Bairro S\u00e3o Pedro. Ao chegar no local, o autor se recusou a entregar a arma e a entrada dos policiais.<\/p>\n<p>Diante do fato, foi realizado um cerco \u00e0 casa para preservar o local e realizado um contato pessoal com o Juiz de Direito. Diante dos fatos, o MM Juiz expediu o Mandado de Busca e Apreens\u00e3o. As equipes fizeram o cumprimento do mesmo, tendo Rafael retirado a pistola guardada em um cofre. Foi dada voz de pris\u00e3o em flagrante a Rafael por posse ilegal de arma de fogo, sendo o mesmo conduzido at\u00e9 a Delegacia de Pol\u00edcia Civil para demais provid\u00eancias.<\/p>\n","protected":false},"excerpt":{"rendered":"<p>A Pol\u00edcia Militar (PM), prendeu na noite dessa sexta-feira (8), dois indiv\u00edduos por posse ilegal de arma de fogo. O primeiro caso ocorreu no Bairro Nova Gramado, onde os policiais cumpriram mandado de busca e apreens\u00e3o no Bairro Nova Gramado. Ao chegar na resid\u00eancia informada, um idoso de 60 anos foi preso em flagrante e [&hellip;]<\/p>\n","protected":false},"author":96,"featured_media":95836,"comment_status":"closed","ping_status":"closed","sticky":false,"template":"","format":"standard","meta":{"footnotes":""},"categories":[301,436,440,439],"tags":[],"class_list":["post-159998","post","type-post","status-publish","format-standard","has-post-thumbnail","hentry","category-artigos-policiais","category-destaque-da-semana","category-destaques-do-dia","category-ultima-hora"],"_links":{"self":[{"href":"https:\/\/diarioregionaldigital.com.br\/index.php?rest_route=\/wp\/v2\/posts\/159998","targetHints":{"allow":["GET"]}}],"collection":[{"href":"https:\/\/diarioregionaldigital.com.br\/index.php?rest_route=\/wp\/v2\/posts"}],"about":[{"href":"https:\/\/diarioregionaldigital.com.br\/index.php?rest_route=\/wp\/v2\/types\/post"}],"author":[{"embeddable":true,"href":"https:\/\/diarioregionaldigital.com.br\/index.php?rest_route=\/wp\/v2\/users\/96"}],"replies":[{"embeddable":true,"href":"https:\/\/diarioregionaldigital.com.br\/index.php?rest_route=%2Fwp%2Fv2%2Fcomments&post=159998"}],"version-history":[{"count":0,"href":"https:\/\/diarioregionaldigital.com.br\/index.php?rest_route=\/wp\/v2\/posts\/159998\/revisions"}],"wp:featuredmedia":[{"embeddable":true,"href":"https:\/\/diarioregionaldigital.com.br\/index.php?rest_route=\/wp\/v2\/media\/95836"}],"wp:attachment":[{"href":"https:\/\/diarioregionaldigital.com.br\/index.php?rest_route=%2Fwp%2Fv2%2Fmedia&parent=159998"}],"wp:term":[{"taxonomy":"category","embeddable":true,"href":"https:\/\/diarioregionaldigital.com.br\/index.php?rest_route=%2Fwp%2Fv2%2Fcategories&post=159998"},{"taxonomy":"post_tag","embeddable":true,"href":"https:\/\/diarioregionaldigital.com.br\/index.php?rest_route=%2Fwp%2Fv2%2Ftags&post=159998"}],"curies":[{"name":"wp","href":"https:\/\/api.w.org\/{rel}","templated":true}]}}