{"id":159995,"date":"2020-05-09T12:58:42","date_gmt":"2020-05-09T15:58:42","guid":{"rendered":"https:\/\/diarioregionaldigital.com.br\/?p=159995"},"modified":"2020-05-09T12:58:42","modified_gmt":"2020-05-09T15:58:42","slug":"jovem-de-25-anos-e-preso-por-trafico-de-drogas-no-dom-bosco","status":"publish","type":"post","link":"https:\/\/diarioregionaldigital.com.br\/?p=159995","title":{"rendered":"Jovem de 25 anos \u00e9 preso por tr\u00e1fico de drogas no Dom Bosco"},"content":{"rendered":"<p>Durante patrulhamento pelo Bairro Dom Bosco, a Pol\u00edcia Militar (PM) recebeu den\u00fancia referente a tr\u00e1fico de drogas e ao chegar no endere\u00e7o informado, avistaram o suspeito na cobertura de uma resid\u00eancia e imediatamente tentou fugir do local, pulando os muros das casas ao redor. No meio do trajeto, se livrou de uma sacola e instantes depois, foi abordado pelos policiais.<\/p>\n<p>A sacola foi recuperada e dentro dela havia 58 pedras de crack. Durante buscas pessoais, foram encontrados quantia de\u00a0<span style=\"font-weight: 400;\">R$3.539 em dinheiro. Autor preso em flagrante e conduzido para a Delegacia junto com os materiais apreendidos.<\/span><\/p>\n","protected":false},"excerpt":{"rendered":"<p>Durante patrulhamento pelo Bairro Dom Bosco, a Pol\u00edcia Militar (PM) recebeu den\u00fancia referente a tr\u00e1fico de drogas e ao chegar no endere\u00e7o informado, avistaram o suspeito na cobertura de uma resid\u00eancia e imediatamente tentou fugir do local, pulando os muros das casas ao redor. No meio do trajeto, se livrou de uma sacola e instantes [&hellip;]<\/p>\n","protected":false},"author":96,"featured_media":159996,"comment_status":"closed","ping_status":"closed","sticky":false,"template":"","format":"standard","meta":{"footnotes":""},"categories":[301,436,440,439],"tags":[],"class_list":["post-159995","post","type-post","status-publish","format-standard","has-post-thumbnail","hentry","category-artigos-policiais","category-destaque-da-semana","category-destaques-do-dia","category-ultima-hora"],"_links":{"self":[{"href":"https:\/\/diarioregionaldigital.com.br\/index.php?rest_route=\/wp\/v2\/posts\/159995","targetHints":{"allow":["GET"]}}],"collection":[{"href":"https:\/\/diarioregionaldigital.com.br\/index.php?rest_route=\/wp\/v2\/posts"}],"about":[{"href":"https:\/\/diarioregionaldigital.com.br\/index.php?rest_route=\/wp\/v2\/types\/post"}],"author":[{"embeddable":true,"href":"https:\/\/diarioregionaldigital.com.br\/index.php?rest_route=\/wp\/v2\/users\/96"}],"replies":[{"embeddable":true,"href":"https:\/\/diarioregionaldigital.com.br\/index.php?rest_route=%2Fwp%2Fv2%2Fcomments&post=159995"}],"version-history":[{"count":0,"href":"https:\/\/diarioregionaldigital.com.br\/index.php?rest_route=\/wp\/v2\/posts\/159995\/revisions"}],"wp:featuredmedia":[{"embeddable":true,"href":"https:\/\/diarioregionaldigital.com.br\/index.php?rest_route=\/wp\/v2\/media\/159996"}],"wp:attachment":[{"href":"https:\/\/diarioregionaldigital.com.br\/index.php?rest_route=%2Fwp%2Fv2%2Fmedia&parent=159995"}],"wp:term":[{"taxonomy":"category","embeddable":true,"href":"https:\/\/diarioregionaldigital.com.br\/index.php?rest_route=%2Fwp%2Fv2%2Fcategories&post=159995"},{"taxonomy":"post_tag","embeddable":true,"href":"https:\/\/diarioregionaldigital.com.br\/index.php?rest_route=%2Fwp%2Fv2%2Ftags&post=159995"}],"curies":[{"name":"wp","href":"https:\/\/api.w.org\/{rel}","templated":true}]}}