{"id":159993,"date":"2020-05-09T12:52:58","date_gmt":"2020-05-09T15:52:58","guid":{"rendered":"https:\/\/diarioregionaldigital.com.br\/?p=159993"},"modified":"2020-05-09T12:52:58","modified_gmt":"2020-05-09T15:52:58","slug":"idoso-de-69-anos-e-vitima-de-golpe","status":"publish","type":"post","link":"https:\/\/diarioregionaldigital.com.br\/?p=159993","title":{"rendered":"Idoso de 69 anos \u00e9 v\u00edtima de golpe"},"content":{"rendered":"<p>Um idoso de 69 anos, havia sa\u00eddo do servi\u00e7o e foi para um bar no bairro J\u00f3quei Clube, acompanhado de uma mulher e dois amigos da mesma, sendo que depois foram<br \/>\npara um outro bar na BR 267, no bairro Igrejinha. No local, um grupo de tr\u00eas indiv\u00edduos pediram para a v\u00edtima pagar a conta no valor de R$89,00, pois eles alegaram que n\u00e3o tinham dinheiro.\u00a0Em seguida, os autores ofereceram carona para o idoso e foram para o bairro Distrito Industrial num ve\u00edculo de cor branca e de propriedade de um dos autores.<\/p>\n<p>Instantes depois, pararam em um posto de gasolina e o condutor ordenou que a v\u00edtima colocasse gasolina, no entanto ela negou o pedido e os autores exigiram todo o dinheiro que ela guardava. Durante o ato, foi agredida com chutes no rosto e nas costelas. Ap\u00f3s o ocorrido, os autores roubaram R$300,00 e o celular da v\u00edtima, e fugiram em dire\u00e7\u00e3o ao Bairro Benfica. O idoso foi socorrido na UPA Norte, mas os autores n\u00e3o foram localizados.<\/p>\n<p>&nbsp;<\/p>\n","protected":false},"excerpt":{"rendered":"<p>Um idoso de 69 anos, havia sa\u00eddo do servi\u00e7o e foi para um bar no bairro J\u00f3quei Clube, acompanhado de uma mulher e dois amigos da mesma, sendo que depois foram para um outro bar na BR 267, no bairro Igrejinha. No local, um grupo de tr\u00eas indiv\u00edduos pediram para a v\u00edtima pagar a conta [&hellip;]<\/p>\n","protected":false},"author":96,"featured_media":97342,"comment_status":"closed","ping_status":"closed","sticky":false,"template":"","format":"standard","meta":{"footnotes":""},"categories":[301,436,439],"tags":[],"class_list":["post-159993","post","type-post","status-publish","format-standard","has-post-thumbnail","hentry","category-artigos-policiais","category-destaque-da-semana","category-ultima-hora"],"_links":{"self":[{"href":"https:\/\/diarioregionaldigital.com.br\/index.php?rest_route=\/wp\/v2\/posts\/159993","targetHints":{"allow":["GET"]}}],"collection":[{"href":"https:\/\/diarioregionaldigital.com.br\/index.php?rest_route=\/wp\/v2\/posts"}],"about":[{"href":"https:\/\/diarioregionaldigital.com.br\/index.php?rest_route=\/wp\/v2\/types\/post"}],"author":[{"embeddable":true,"href":"https:\/\/diarioregionaldigital.com.br\/index.php?rest_route=\/wp\/v2\/users\/96"}],"replies":[{"embeddable":true,"href":"https:\/\/diarioregionaldigital.com.br\/index.php?rest_route=%2Fwp%2Fv2%2Fcomments&post=159993"}],"version-history":[{"count":0,"href":"https:\/\/diarioregionaldigital.com.br\/index.php?rest_route=\/wp\/v2\/posts\/159993\/revisions"}],"wp:featuredmedia":[{"embeddable":true,"href":"https:\/\/diarioregionaldigital.com.br\/index.php?rest_route=\/wp\/v2\/media\/97342"}],"wp:attachment":[{"href":"https:\/\/diarioregionaldigital.com.br\/index.php?rest_route=%2Fwp%2Fv2%2Fmedia&parent=159993"}],"wp:term":[{"taxonomy":"category","embeddable":true,"href":"https:\/\/diarioregionaldigital.com.br\/index.php?rest_route=%2Fwp%2Fv2%2Fcategories&post=159993"},{"taxonomy":"post_tag","embeddable":true,"href":"https:\/\/diarioregionaldigital.com.br\/index.php?rest_route=%2Fwp%2Fv2%2Ftags&post=159993"}],"curies":[{"name":"wp","href":"https:\/\/api.w.org\/{rel}","templated":true}]}}