{"id":159991,"date":"2020-05-09T12:43:40","date_gmt":"2020-05-09T15:43:40","guid":{"rendered":"https:\/\/diarioregionaldigital.com.br\/?p=159991"},"modified":"2020-05-09T12:43:40","modified_gmt":"2020-05-09T15:43:40","slug":"vitimas-sao-hospitalizadas-com-ferimentos-de-disparos-de-arma-de-fogo","status":"publish","type":"post","link":"https:\/\/diarioregionaldigital.com.br\/?p=159991","title":{"rendered":"V\u00edtimas s\u00e3o hospitalizadas com ferimentos de disparos de arma de fogo"},"content":{"rendered":"<p>A Pol\u00edcia Militar (PM) recebeu den\u00fancias de les\u00f5es corporais causadas por disparos de arma de fogo, nos Bairros Santo Ant\u00f4nio e Bonsucesso em Juiz de Fora. O primeiro caso o correu no Santo Ant\u00f4nio, onde um homem de 49 anos\u00a0deu entrada no HPS, com ferimento no abd\u00f4men causado por arma de fogo. Ap\u00f3s o encerramento da cirurgia, a v\u00edtima estava l\u00facida e relatou aos policiais que teve uma discuss\u00e3o com o filho no corredor de sua casa, quando em um determinado momento, o vizinho realizou o\u00a0disparo de arma de fogo contra ele, por\u00e9m n\u00e3o informou qual seria o motivo desta a\u00e7\u00e3o criminosa.<\/p>\n<p>Durante apura\u00e7\u00e3o dos dados da v\u00edtima, a PM pesquisou no sistema informatizado e foi constatado que o autor do disparo possui um mandado de pris\u00e3o contra a v\u00edtima e diante disso, permanece sob escolta policial militar. Autor n\u00e3o foi localizado.<\/p>\n<p>O segundo caso ocorreu no Bonsucesso, onde um jovem de 24 anos estava na porta de sua resid\u00eancia,\u00a0quando passou uma motocicleta de cor branca, conduzida por um indiv\u00edduo que efetuou disparos de arma de fogo na dire\u00e7\u00e3o da v\u00edtima e fugiu do local. O disparo atingiu de rasp\u00e3o no bra\u00e7o esquerdo e a v\u00edtima precisou ser socorrida no HPS.<br \/>\nesquerdo perto da bacia, sendo socorrida ao HPS. V\u00edtima n\u00e3o soube repassar mais dados do autor, apenas suspeita que seja um tal de \u201cbol\u00e3o\u201d seu desafeto e que n\u00e3o teria<br \/>\nmais informa\u00e7\u00f5es a declarar. Rastreamento sem \u00eaxito.<\/p>\n<p>&nbsp;<\/p>\n","protected":false},"excerpt":{"rendered":"<p>A Pol\u00edcia Militar (PM) recebeu den\u00fancias de les\u00f5es corporais causadas por disparos de arma de fogo, nos Bairros Santo Ant\u00f4nio e Bonsucesso em Juiz de Fora. O primeiro caso o correu no Santo Ant\u00f4nio, onde um homem de 49 anos\u00a0deu entrada no HPS, com ferimento no abd\u00f4men causado por arma de fogo. Ap\u00f3s o encerramento [&hellip;]<\/p>\n","protected":false},"author":96,"featured_media":97342,"comment_status":"closed","ping_status":"closed","sticky":false,"template":"","format":"standard","meta":{"footnotes":""},"categories":[301,436,440,439],"tags":[],"class_list":["post-159991","post","type-post","status-publish","format-standard","has-post-thumbnail","hentry","category-artigos-policiais","category-destaque-da-semana","category-destaques-do-dia","category-ultima-hora"],"_links":{"self":[{"href":"https:\/\/diarioregionaldigital.com.br\/index.php?rest_route=\/wp\/v2\/posts\/159991","targetHints":{"allow":["GET"]}}],"collection":[{"href":"https:\/\/diarioregionaldigital.com.br\/index.php?rest_route=\/wp\/v2\/posts"}],"about":[{"href":"https:\/\/diarioregionaldigital.com.br\/index.php?rest_route=\/wp\/v2\/types\/post"}],"author":[{"embeddable":true,"href":"https:\/\/diarioregionaldigital.com.br\/index.php?rest_route=\/wp\/v2\/users\/96"}],"replies":[{"embeddable":true,"href":"https:\/\/diarioregionaldigital.com.br\/index.php?rest_route=%2Fwp%2Fv2%2Fcomments&post=159991"}],"version-history":[{"count":0,"href":"https:\/\/diarioregionaldigital.com.br\/index.php?rest_route=\/wp\/v2\/posts\/159991\/revisions"}],"wp:featuredmedia":[{"embeddable":true,"href":"https:\/\/diarioregionaldigital.com.br\/index.php?rest_route=\/wp\/v2\/media\/97342"}],"wp:attachment":[{"href":"https:\/\/diarioregionaldigital.com.br\/index.php?rest_route=%2Fwp%2Fv2%2Fmedia&parent=159991"}],"wp:term":[{"taxonomy":"category","embeddable":true,"href":"https:\/\/diarioregionaldigital.com.br\/index.php?rest_route=%2Fwp%2Fv2%2Fcategories&post=159991"},{"taxonomy":"post_tag","embeddable":true,"href":"https:\/\/diarioregionaldigital.com.br\/index.php?rest_route=%2Fwp%2Fv2%2Ftags&post=159991"}],"curies":[{"name":"wp","href":"https:\/\/api.w.org\/{rel}","templated":true}]}}