{"id":159988,"date":"2020-05-09T12:31:53","date_gmt":"2020-05-09T15:31:53","guid":{"rendered":"https:\/\/diarioregionaldigital.com.br\/?p=159988"},"modified":"2020-05-09T12:31:53","modified_gmt":"2020-05-09T15:31:53","slug":"envolvido-em-homicidio-e-preso-na-vila-olavo-costa","status":"publish","type":"post","link":"https:\/\/diarioregionaldigital.com.br\/?p=159988","title":{"rendered":"Envolvido em homic\u00eddio \u00e9 preso na Vila Olavo Costa"},"content":{"rendered":"<p>A Pol\u00edcia Militar (PM) prendeu um foragido da justi\u00e7a, que estava envolvido em caso de homic\u00eddio no Bairro Vila Olavo Costa (Regi\u00e3o Leste) em Juiz de Fora. A guarni\u00e7\u00e3o foi at\u00e9 o local e obteve \u00eaxito em prender o autor. Al\u00e9m disso, foram encontrados tr\u00eas por\u00e7\u00f5es grandes de crack, uma pedra de crack, duas buchas de maconha, quatro papelotes de coca\u00edna, uma muni\u00e7\u00e3o calibre 9mm e\u00a0<span style=\"font-weight: 400;\">R$ 2.768 em dinheiro.<\/span><\/p>\n","protected":false},"excerpt":{"rendered":"<p>A Pol\u00edcia Militar (PM) prendeu um foragido da justi\u00e7a, que estava envolvido em caso de homic\u00eddio no Bairro Vila Olavo Costa (Regi\u00e3o Leste) em Juiz de Fora. A guarni\u00e7\u00e3o foi at\u00e9 o local e obteve \u00eaxito em prender o autor. Al\u00e9m disso, foram encontrados tr\u00eas por\u00e7\u00f5es grandes de crack, uma pedra de crack, duas buchas [&hellip;]<\/p>\n","protected":false},"author":96,"featured_media":159989,"comment_status":"closed","ping_status":"closed","sticky":false,"template":"","format":"standard","meta":{"footnotes":""},"categories":[301,436,439],"tags":[],"class_list":["post-159988","post","type-post","status-publish","format-standard","has-post-thumbnail","hentry","category-artigos-policiais","category-destaque-da-semana","category-ultima-hora"],"_links":{"self":[{"href":"https:\/\/diarioregionaldigital.com.br\/index.php?rest_route=\/wp\/v2\/posts\/159988","targetHints":{"allow":["GET"]}}],"collection":[{"href":"https:\/\/diarioregionaldigital.com.br\/index.php?rest_route=\/wp\/v2\/posts"}],"about":[{"href":"https:\/\/diarioregionaldigital.com.br\/index.php?rest_route=\/wp\/v2\/types\/post"}],"author":[{"embeddable":true,"href":"https:\/\/diarioregionaldigital.com.br\/index.php?rest_route=\/wp\/v2\/users\/96"}],"replies":[{"embeddable":true,"href":"https:\/\/diarioregionaldigital.com.br\/index.php?rest_route=%2Fwp%2Fv2%2Fcomments&post=159988"}],"version-history":[{"count":0,"href":"https:\/\/diarioregionaldigital.com.br\/index.php?rest_route=\/wp\/v2\/posts\/159988\/revisions"}],"wp:featuredmedia":[{"embeddable":true,"href":"https:\/\/diarioregionaldigital.com.br\/index.php?rest_route=\/wp\/v2\/media\/159989"}],"wp:attachment":[{"href":"https:\/\/diarioregionaldigital.com.br\/index.php?rest_route=%2Fwp%2Fv2%2Fmedia&parent=159988"}],"wp:term":[{"taxonomy":"category","embeddable":true,"href":"https:\/\/diarioregionaldigital.com.br\/index.php?rest_route=%2Fwp%2Fv2%2Fcategories&post=159988"},{"taxonomy":"post_tag","embeddable":true,"href":"https:\/\/diarioregionaldigital.com.br\/index.php?rest_route=%2Fwp%2Fv2%2Ftags&post=159988"}],"curies":[{"name":"wp","href":"https:\/\/api.w.org\/{rel}","templated":true}]}}