{"id":159986,"date":"2020-05-09T12:03:39","date_gmt":"2020-05-09T15:03:39","guid":{"rendered":"https:\/\/diarioregionaldigital.com.br\/?p=159986"},"modified":"2020-05-09T12:03:39","modified_gmt":"2020-05-09T15:03:39","slug":"policia-civil-esclarece-dois-homicidios-consumados-em-juiz-de-fora","status":"publish","type":"post","link":"https:\/\/diarioregionaldigital.com.br\/?p=159986","title":{"rendered":"Pol\u00edcia Civil esclarece dois homic\u00eddios consumados em Juiz de Fora"},"content":{"rendered":"<p><span style=\"font-weight: 400;\">A Pol\u00edcia Civil de Minas Gerais esclareceu dois homic\u00eddios consumados, ocorridos neste e no \u00faltimo ano, no munic\u00edpio de Juiz de Fora. Quatro pessoas foram presas, nesta semana. Al\u00e9m disso, tamb\u00e9m foi solicitado o acautelamento de dois adolescentes junto \u00e0 Vara da Inf\u00e2ncia e da Juventude.<\/span><\/p>\n<p><span style=\"font-weight: 400;\">Conforme informa\u00e7\u00f5es do Delegado Rodrigo Rolli, o primeiro caso apurado ocorreu no dia 23 de dezembro do ano passado, em uma barbearia, localizada no Bairro Benfica, homic\u00eddio que vitimou um jovem de 23 anos. Segundo ele, ap\u00f3s apura\u00e7\u00f5es, tr\u00eas pessoas foram identificadas, entre elas, h\u00e1 um adolescente. \u201cDois autores, um do sexo masculino e outro do sexo feminino, foram presos, em virtude de cumprimento de mandado de pris\u00e3o tempor\u00e1ria. Quanto ao menor, foi pedido o acautelamento dele\u201d, explicou, complementando que investiga\u00e7\u00f5es apontam que a motiva\u00e7\u00e3o do crime estaria ligada a rixa entre bairros da Zona Norte.<\/span><\/p>\n<p><span style=\"font-weight: 400;\">\u00a0Al\u00e9m disso, policiais civis da Delegacia Especializada de Homic\u00eddios\u00a0 tamb\u00e9m desvendaram o assassinato de um jovem de 19 anos, ocorrido no bairro Vila Olavo Costa, no dia 23 de mar\u00e7o. De acordo com a autoridade policial, dois suspeitos foram identificados e tamb\u00e9m foi solicitado o acautelamento de um adolescente junto \u00e0 Vara da Inf\u00e2ncia e da Juventude. \u201cUm deles foi preso na data de ontem e o outro nesta sexta-feira (08)\u201d, concluiu.\u00a0<\/span><\/p>\n<p><span style=\"font-weight: 400;\">Os inqu\u00e9ritos policiais ser\u00e3o relatados hoje e, posteriormente, encaminhados \u00e0 Justi\u00e7a, com pedidos de convers\u00e3o de pris\u00e3o tempor\u00e1ria em preventiva.<\/span><\/p>\n<p>&nbsp;<\/p>\n<p><strong>Fonte:\u00a0<\/strong>Assessoria<\/p>\n","protected":false},"excerpt":{"rendered":"<p>A Pol\u00edcia Civil de Minas Gerais esclareceu dois homic\u00eddios consumados, ocorridos neste e no \u00faltimo ano, no munic\u00edpio de Juiz de Fora. Quatro pessoas foram presas, nesta semana. Al\u00e9m disso, tamb\u00e9m foi solicitado o acautelamento de dois adolescentes junto \u00e0 Vara da Inf\u00e2ncia e da Juventude. Conforme informa\u00e7\u00f5es do Delegado Rodrigo Rolli, o primeiro caso [&hellip;]<\/p>\n","protected":false},"author":96,"featured_media":97342,"comment_status":"closed","ping_status":"closed","sticky":false,"template":"","format":"standard","meta":{"footnotes":""},"categories":[301,436,439],"tags":[],"class_list":["post-159986","post","type-post","status-publish","format-standard","has-post-thumbnail","hentry","category-artigos-policiais","category-destaque-da-semana","category-ultima-hora"],"_links":{"self":[{"href":"https:\/\/diarioregionaldigital.com.br\/index.php?rest_route=\/wp\/v2\/posts\/159986","targetHints":{"allow":["GET"]}}],"collection":[{"href":"https:\/\/diarioregionaldigital.com.br\/index.php?rest_route=\/wp\/v2\/posts"}],"about":[{"href":"https:\/\/diarioregionaldigital.com.br\/index.php?rest_route=\/wp\/v2\/types\/post"}],"author":[{"embeddable":true,"href":"https:\/\/diarioregionaldigital.com.br\/index.php?rest_route=\/wp\/v2\/users\/96"}],"replies":[{"embeddable":true,"href":"https:\/\/diarioregionaldigital.com.br\/index.php?rest_route=%2Fwp%2Fv2%2Fcomments&post=159986"}],"version-history":[{"count":0,"href":"https:\/\/diarioregionaldigital.com.br\/index.php?rest_route=\/wp\/v2\/posts\/159986\/revisions"}],"wp:featuredmedia":[{"embeddable":true,"href":"https:\/\/diarioregionaldigital.com.br\/index.php?rest_route=\/wp\/v2\/media\/97342"}],"wp:attachment":[{"href":"https:\/\/diarioregionaldigital.com.br\/index.php?rest_route=%2Fwp%2Fv2%2Fmedia&parent=159986"}],"wp:term":[{"taxonomy":"category","embeddable":true,"href":"https:\/\/diarioregionaldigital.com.br\/index.php?rest_route=%2Fwp%2Fv2%2Fcategories&post=159986"},{"taxonomy":"post_tag","embeddable":true,"href":"https:\/\/diarioregionaldigital.com.br\/index.php?rest_route=%2Fwp%2Fv2%2Ftags&post=159986"}],"curies":[{"name":"wp","href":"https:\/\/api.w.org\/{rel}","templated":true}]}}