{"id":159984,"date":"2020-05-09T12:01:24","date_gmt":"2020-05-09T15:01:24","guid":{"rendered":"https:\/\/diarioregionaldigital.com.br\/?p=159984"},"modified":"2020-05-09T12:01:24","modified_gmt":"2020-05-09T15:01:24","slug":"pcmg-prende-foragido-da-justica-em-vicosa","status":"publish","type":"post","link":"https:\/\/diarioregionaldigital.com.br\/?p=159984","title":{"rendered":"PCMG prende foragido da Justi\u00e7a em Vi\u00e7osa"},"content":{"rendered":"<p><span style=\"font-weight: 400;\">Nesta sexta-feira (08), no munic\u00edpio de Vi\u00e7osa, a Pol\u00edcia Civil de Minas Gerais prendeu um homem de 47 anos, foragido da Justi\u00e7a desde o m\u00eas de janeiro deste ano. Ele teria agredido e perseguido a ex-mulher por n\u00e3o aceitar o fim do relacionamento.<\/span><\/p>\n<p><span style=\"font-weight: 400;\">Apura\u00e7\u00f5es indicam que a v\u00edtima, de 43 anos, teria sido surpreendida pelo suspeito, no dia 1\u00ba de janeiro, ap\u00f3s descumprimento de medida protetiva expedida pela Justi\u00e7a em desfavor dele. Na ocasi\u00e3o, ele estava muito alterado, aparentando estar sob efeito de subst\u00e2ncias psicoativas, e teria agredido a mulher com uma talhadeira, desferindo dois golpes nas costas da v\u00edtima, pr\u00f3ximo ao pesco\u00e7o.\u00a0<\/span><\/p>\n<p><span style=\"font-weight: 400;\">Em virtude de investiga\u00e7\u00f5es, foi poss\u00edvel localizar o investigado na cidade e conduzir o suspeito at\u00e9 a delegacia. Ele foi encaminhado ao sistema prisional, permanecendo \u00e0 disposi\u00e7\u00e3o da Justi\u00e7a.<\/span><\/p>\n<p>&nbsp;<\/p>\n<p><strong>Fonte:\u00a0<\/strong>Assessoria<\/p>\n","protected":false},"excerpt":{"rendered":"<p>Nesta sexta-feira (08), no munic\u00edpio de Vi\u00e7osa, a Pol\u00edcia Civil de Minas Gerais prendeu um homem de 47 anos, foragido da Justi\u00e7a desde o m\u00eas de janeiro deste ano. Ele teria agredido e perseguido a ex-mulher por n\u00e3o aceitar o fim do relacionamento. Apura\u00e7\u00f5es indicam que a v\u00edtima, de 43 anos, teria sido surpreendida pelo [&hellip;]<\/p>\n","protected":false},"author":96,"featured_media":97342,"comment_status":"closed","ping_status":"closed","sticky":false,"template":"","format":"standard","meta":{"footnotes":""},"categories":[301,436,439],"tags":[],"class_list":["post-159984","post","type-post","status-publish","format-standard","has-post-thumbnail","hentry","category-artigos-policiais","category-destaque-da-semana","category-ultima-hora"],"_links":{"self":[{"href":"https:\/\/diarioregionaldigital.com.br\/index.php?rest_route=\/wp\/v2\/posts\/159984","targetHints":{"allow":["GET"]}}],"collection":[{"href":"https:\/\/diarioregionaldigital.com.br\/index.php?rest_route=\/wp\/v2\/posts"}],"about":[{"href":"https:\/\/diarioregionaldigital.com.br\/index.php?rest_route=\/wp\/v2\/types\/post"}],"author":[{"embeddable":true,"href":"https:\/\/diarioregionaldigital.com.br\/index.php?rest_route=\/wp\/v2\/users\/96"}],"replies":[{"embeddable":true,"href":"https:\/\/diarioregionaldigital.com.br\/index.php?rest_route=%2Fwp%2Fv2%2Fcomments&post=159984"}],"version-history":[{"count":0,"href":"https:\/\/diarioregionaldigital.com.br\/index.php?rest_route=\/wp\/v2\/posts\/159984\/revisions"}],"wp:featuredmedia":[{"embeddable":true,"href":"https:\/\/diarioregionaldigital.com.br\/index.php?rest_route=\/wp\/v2\/media\/97342"}],"wp:attachment":[{"href":"https:\/\/diarioregionaldigital.com.br\/index.php?rest_route=%2Fwp%2Fv2%2Fmedia&parent=159984"}],"wp:term":[{"taxonomy":"category","embeddable":true,"href":"https:\/\/diarioregionaldigital.com.br\/index.php?rest_route=%2Fwp%2Fv2%2Fcategories&post=159984"},{"taxonomy":"post_tag","embeddable":true,"href":"https:\/\/diarioregionaldigital.com.br\/index.php?rest_route=%2Fwp%2Fv2%2Ftags&post=159984"}],"curies":[{"name":"wp","href":"https:\/\/api.w.org\/{rel}","templated":true}]}}