{"id":159960,"date":"2020-05-08T21:01:11","date_gmt":"2020-05-09T00:01:11","guid":{"rendered":"https:\/\/diarioregionaldigital.com.br\/?p=159960"},"modified":"2020-05-08T21:01:11","modified_gmt":"2020-05-09T00:01:11","slug":"pais-registra-751-mortes-por-covid-19-em-24h-e-bate-novo-recorde","status":"publish","type":"post","link":"https:\/\/diarioregionaldigital.com.br\/?p=159960","title":{"rendered":"Pa\u00eds registra 751 mortes por covid-19 em 24h e bate novo recorde"},"content":{"rendered":"<p>Com 10.222 novos casos confirmados de covid-19, o Brasil chegou a 145.328 pessoas infectadas, um aumento de 7,5% em rela\u00e7\u00e3o a ontem(7), quando foram registradas 135.106 pessoas nessa condi\u00e7\u00e3o. A atualiza\u00e7\u00e3o foi divulgada pelo Minist\u00e9rio da Sa\u00fade nesta sexta-feira (8). O n\u00famero foi o segundo mais alto, abaixo apenas do recorde de quarta-feira(6), quando os novos casos atualizados somaram 10.503. Do total de casos confirmados, 76.134\u00a0est\u00e3o em acompanhamento (52,4%), 59.297 est\u00e3o recuperados (40,8%) e 1.852 mortes est\u00e3o em investiga\u00e7\u00e3o.<\/p>\n<p>O Brasil bateu novo recorde de mortes nas \u00faltimas 24h, com 751. A marca de 9.897 representou um acr\u00e9scimo de 8,2% em rela\u00e7\u00e3o a ontem, quando foram contabilizados 9.146 falecimentos. O n\u00famero levou a um novo patamar, depois de uma semana na casa dos 600 \u00f3bitos ao longo da semana. A letalidade ficou em 6,8%.<\/p>\n<p>Segundo o boletim epidemiol\u00f3gico divulgado nesta noite, at\u00e9 hoje foram identificadas 107 mil hospitaliza\u00e7\u00f5es por S\u00edndrome Respirat\u00f3ria Aguda Grave (SRAG), cerca de 606% em rela\u00e7\u00e3o ao mesmo per\u00edodo do ano anterior. Deste total, 27.086 s\u00e3o por covid-19, sendo 37.101 classificados como n\u00e3o especificados e 38.096 em investiga\u00e7\u00e3o. Ou seja, o n\u00famero de hospitaliza\u00e7\u00f5es pode crescer caso essas investiga\u00e7\u00f5es atestem o diagn\u00f3stico de infec\u00e7\u00e3o com o novo coronav\u00edrus.<\/p>\n<p>Sobre o perfil das hospitaliza\u00e7\u00f5es por covid-19, 54,8% s\u00e3o brancos, 36,3% s\u00e3o pardos, 6,7% s\u00e3o pretos, s\u00e3o\u00a01,9% amarelos e 0,3%, ind\u00edgenas.<\/p>\n<p>S\u00e3o Paulo se mant\u00e9m como epicentro da pandemia no pa\u00eds, concentrando o maior n\u00famero de falecimentos (3.416). O estado \u00e9 seguido pelo Rio de Janeiro (1.503), Cear\u00e1 (966), Pernambuco (927) e Amazonas (874).<\/p>\n<p>Al\u00e9m disso, foram registradas mortes no Par\u00e1 (515), Maranh\u00e3o (330), Bahia (183), Esp\u00edrito Santo (165), Minas Gerais (139), Para\u00edba (114), Alagoas (108), Paran\u00e1 (106), Rio Grande do Sul (91), Rio Grande do Norte (81), Santa Catarina (63), Amap\u00e1 (66), Goi\u00e1s (49), Rond\u00f4nia (39), Acre (38), Piau\u00ed (37), Distrito Federal (37), Sergipe (28), Roraima (16), Mato Grosso (14), Mato Grosso do Sul (11), e Tocantins (9).<\/p>\n<p>Os estados com maior incid\u00eancia (n\u00famero de casos por um milh\u00e3o de habitantes) s\u00e3o o Amap\u00e1 (2.746), Amazonas (2.588), Roraima (1.684), Cear\u00e1 (1.638) Acre (1.335) e Pernambuco (1.212).<\/p>\n<p>&nbsp;<\/p>\n<p><strong>Fonte:\u00a0<\/strong>Ag\u00eancia Brasil<\/p>\n","protected":false},"excerpt":{"rendered":"<p>Com 10.222 novos casos confirmados de covid-19, o Brasil chegou a 145.328 pessoas infectadas, um aumento de 7,5% em rela\u00e7\u00e3o a ontem(7), quando foram registradas 135.106 pessoas nessa condi\u00e7\u00e3o. A atualiza\u00e7\u00e3o foi divulgada pelo Minist\u00e9rio da Sa\u00fade nesta sexta-feira (8). O n\u00famero foi o segundo mais alto, abaixo apenas do recorde de quarta-feira(6), quando os [&hellip;]<\/p>\n","protected":false},"author":96,"featured_media":158549,"comment_status":"closed","ping_status":"closed","sticky":false,"template":"","format":"standard","meta":{"footnotes":""},"categories":[302,436,440,439],"tags":[],"class_list":["post-159960","post","type-post","status-publish","format-standard","has-post-thumbnail","hentry","category-brasil-mundo","category-destaque-da-semana","category-destaques-do-dia","category-ultima-hora"],"_links":{"self":[{"href":"https:\/\/diarioregionaldigital.com.br\/index.php?rest_route=\/wp\/v2\/posts\/159960","targetHints":{"allow":["GET"]}}],"collection":[{"href":"https:\/\/diarioregionaldigital.com.br\/index.php?rest_route=\/wp\/v2\/posts"}],"about":[{"href":"https:\/\/diarioregionaldigital.com.br\/index.php?rest_route=\/wp\/v2\/types\/post"}],"author":[{"embeddable":true,"href":"https:\/\/diarioregionaldigital.com.br\/index.php?rest_route=\/wp\/v2\/users\/96"}],"replies":[{"embeddable":true,"href":"https:\/\/diarioregionaldigital.com.br\/index.php?rest_route=%2Fwp%2Fv2%2Fcomments&post=159960"}],"version-history":[{"count":0,"href":"https:\/\/diarioregionaldigital.com.br\/index.php?rest_route=\/wp\/v2\/posts\/159960\/revisions"}],"wp:featuredmedia":[{"embeddable":true,"href":"https:\/\/diarioregionaldigital.com.br\/index.php?rest_route=\/wp\/v2\/media\/158549"}],"wp:attachment":[{"href":"https:\/\/diarioregionaldigital.com.br\/index.php?rest_route=%2Fwp%2Fv2%2Fmedia&parent=159960"}],"wp:term":[{"taxonomy":"category","embeddable":true,"href":"https:\/\/diarioregionaldigital.com.br\/index.php?rest_route=%2Fwp%2Fv2%2Fcategories&post=159960"},{"taxonomy":"post_tag","embeddable":true,"href":"https:\/\/diarioregionaldigital.com.br\/index.php?rest_route=%2Fwp%2Fv2%2Ftags&post=159960"}],"curies":[{"name":"wp","href":"https:\/\/api.w.org\/{rel}","templated":true}]}}