{"id":159958,"date":"2020-05-08T18:54:11","date_gmt":"2020-05-08T21:54:11","guid":{"rendered":"https:\/\/diarioregionaldigital.com.br\/?p=159958"},"modified":"2020-05-08T18:54:11","modified_gmt":"2020-05-08T21:54:11","slug":"covid-19-juiz-de-fora-chega-a-17-mortes","status":"publish","type":"post","link":"https:\/\/diarioregionaldigital.com.br\/?p=159958","title":{"rendered":"Covid-19: Juiz de Fora chega a 17 mortes"},"content":{"rendered":"<p>A Secretaria de Sa\u00fade\u00a0 (SS) da Prefeitura de Juiz de Fora (PJF), confirmou aumento para 17 mortes confirmadas de Coronav\u00edrus pelo munic\u00edpio. Al\u00e9m disso, o n\u00famero de casos confirmados chega a 311 e 2.847 s\u00e3o suspeitos.<\/p>\n","protected":false},"excerpt":{"rendered":"<p>A Secretaria de Sa\u00fade\u00a0 (SS) da Prefeitura de Juiz de Fora (PJF), confirmou aumento para 17 mortes confirmadas de Coronav\u00edrus pelo munic\u00edpio. Al\u00e9m disso, o n\u00famero de casos confirmados chega a 311 e 2.847 s\u00e3o suspeitos.<\/p>\n","protected":false},"author":96,"featured_media":157658,"comment_status":"closed","ping_status":"closed","sticky":false,"template":"","format":"standard","meta":{"footnotes":""},"categories":[253,436,440,439],"tags":[],"class_list":["post-159958","post","type-post","status-publish","format-standard","has-post-thumbnail","hentry","category-cidade","category-destaque-da-semana","category-destaques-do-dia","category-ultima-hora"],"_links":{"self":[{"href":"https:\/\/diarioregionaldigital.com.br\/index.php?rest_route=\/wp\/v2\/posts\/159958","targetHints":{"allow":["GET"]}}],"collection":[{"href":"https:\/\/diarioregionaldigital.com.br\/index.php?rest_route=\/wp\/v2\/posts"}],"about":[{"href":"https:\/\/diarioregionaldigital.com.br\/index.php?rest_route=\/wp\/v2\/types\/post"}],"author":[{"embeddable":true,"href":"https:\/\/diarioregionaldigital.com.br\/index.php?rest_route=\/wp\/v2\/users\/96"}],"replies":[{"embeddable":true,"href":"https:\/\/diarioregionaldigital.com.br\/index.php?rest_route=%2Fwp%2Fv2%2Fcomments&post=159958"}],"version-history":[{"count":0,"href":"https:\/\/diarioregionaldigital.com.br\/index.php?rest_route=\/wp\/v2\/posts\/159958\/revisions"}],"wp:featuredmedia":[{"embeddable":true,"href":"https:\/\/diarioregionaldigital.com.br\/index.php?rest_route=\/wp\/v2\/media\/157658"}],"wp:attachment":[{"href":"https:\/\/diarioregionaldigital.com.br\/index.php?rest_route=%2Fwp%2Fv2%2Fmedia&parent=159958"}],"wp:term":[{"taxonomy":"category","embeddable":true,"href":"https:\/\/diarioregionaldigital.com.br\/index.php?rest_route=%2Fwp%2Fv2%2Fcategories&post=159958"},{"taxonomy":"post_tag","embeddable":true,"href":"https:\/\/diarioregionaldigital.com.br\/index.php?rest_route=%2Fwp%2Fv2%2Ftags&post=159958"}],"curies":[{"name":"wp","href":"https:\/\/api.w.org\/{rel}","templated":true}]}}