{"id":159955,"date":"2020-05-08T18:49:41","date_gmt":"2020-05-08T21:49:41","guid":{"rendered":"https:\/\/diarioregionaldigital.com.br\/?p=159955"},"modified":"2020-05-08T18:49:41","modified_gmt":"2020-05-08T21:49:41","slug":"clubes-assinam-nota-pelo-retorno-do-futebol-exceto-flu-e-botafogo","status":"publish","type":"post","link":"https:\/\/diarioregionaldigital.com.br\/?p=159955","title":{"rendered":"Clubes assinam nota pelo retorno do futebol, exceto Flu e Botafogo"},"content":{"rendered":"<p>O campeonato carioca segue paralisado devido \u00e0 pandemia do novo coronav\u00edrus (covid-19). J\u00e1 nos bastiroes do futebol a movimenta\u00e7\u00e3o intensa. Entre os quatro grandes clubes do estado do Rio de Janeiro, h\u00e1 posi\u00e7\u00f5es divergentes sobre o retorno das competi\u00e7\u00f5es, mesmo que sejam realizadas com port\u00f5es fechados, respeitando r\u00edgidos protocolos de seguran\u00e7a na preven\u00e7\u00e3o ao cont\u00e1gio do novo coronav\u00edrus. O desacordo ficou evidente na nota oficial de esclarecimento publicada no site da Federa\u00e7\u00e3o de Futebol do Estado do Rio de Janeiro (Ferj), com a assinatura de representantes de 13 times de primeira e segunda divis\u00f5es do Campeonato Carioca, exceto Botafogo e Fluminense.<\/p>\n<p>O presidente do Alvinegro Nelson Mufarrej explicou porqu\u00ea n\u00e3o assinou o documento. \u201c\u00c9 quest\u00e3o de coer\u00eancia o nosso posicionamento p\u00fablico. Estamos pr\u00f3ximos ao pico da pandemia com o sistema de sa\u00fade perto da asfixia e o que mais se fala \u00e9 em <em>lockdown<\/em>\u201d. O dirigente defende a ideia de que o futebol pode esperar. \u201cO retorno tem que ser org\u00e2nico. Respeito a atitude dos demais clubes, mas entendemos ser a hora de preservar a sa\u00fade de todos e por isso n\u00e3o assinamos\u201d.<\/p>\n<p>A nota de esclarecimento da Ferj menciona que \u201cpor in\u00fameros motivos os clubes desejam retornar as suas atividades o mais breve que lhes for poss\u00edvel e permitido, e est\u00e3o prontos para reiniciar, em primeira fase, t\u00e3o somente os treinamentos, de forma respons\u00e1vel, restrita, reduzida, sob vigil\u00e2ncia, sem\u00a0 aglomera\u00e7\u00f5es ou presen\u00e7a de p\u00fablico e em obedi\u00eancia a um rigoroso protocolo m\u00e9dico de normas e procedimentos imperativos , sempre comprometidos com a preserva\u00e7\u00e3o da integridade da sa\u00fade de todos os envolvidos e tamb\u00e9m em aten\u00e7\u00e3o \u00e0s medidas de preven\u00e7\u00e3o e combate \u00e0 dissemina\u00e7\u00e3o da COVID\u201d.<\/p>\n<p>O Fluminense explicou, por meio de nota oficial publicada no site do clube, o motivo pelo qual n\u00e3o assinou a carta da Ferj. \u201cN\u00e3o \u00e9 o momento do futebol brasileiro dar qualquer sinaliza\u00e7\u00e3o de retorno do esporte quando o pa\u00eds inteiro, particularmente o Rio de Janeiro, est\u00e1 com extrema dificuldade de cumprir o isolamento social necess\u00e1rio para reduzir o n\u00famero de contamina\u00e7\u00f5es e mortes\u201d.<\/p>\n<p>Vasco e Flamengo ainda n\u00e3o haviam se manifestado at\u00e9 o fechamento desta edi\u00e7\u00e3o. Al\u00e9m dos dois clubes, assinaram a nota da Ferj: Am\u00e9rica, Americano, Bangu, Boavista, Cabofriense, Friburguense, Madureira, Nova Igua\u00e7u, Portuguesa, Resende e Volta Redonda.<\/p>\n<p>&nbsp;<\/p>\n<p><strong>Fonte:<\/strong>\u00a0Ag\u00eancia Brasil<\/p>\n","protected":false},"excerpt":{"rendered":"<p>O campeonato carioca segue paralisado devido \u00e0 pandemia do novo coronav\u00edrus (covid-19). J\u00e1 nos bastiroes do futebol a movimenta\u00e7\u00e3o intensa. Entre os quatro grandes clubes do estado do Rio de Janeiro, h\u00e1 posi\u00e7\u00f5es divergentes sobre o retorno das competi\u00e7\u00f5es, mesmo que sejam realizadas com port\u00f5es fechados, respeitando r\u00edgidos protocolos de seguran\u00e7a na preven\u00e7\u00e3o ao cont\u00e1gio [&hellip;]<\/p>\n","protected":false},"author":96,"featured_media":159956,"comment_status":"closed","ping_status":"closed","sticky":false,"template":"","format":"standard","meta":{"footnotes":""},"categories":[436,257,439],"tags":[],"class_list":["post-159955","post","type-post","status-publish","format-standard","has-post-thumbnail","hentry","category-destaque-da-semana","category-esporte","category-ultima-hora"],"_links":{"self":[{"href":"https:\/\/diarioregionaldigital.com.br\/index.php?rest_route=\/wp\/v2\/posts\/159955","targetHints":{"allow":["GET"]}}],"collection":[{"href":"https:\/\/diarioregionaldigital.com.br\/index.php?rest_route=\/wp\/v2\/posts"}],"about":[{"href":"https:\/\/diarioregionaldigital.com.br\/index.php?rest_route=\/wp\/v2\/types\/post"}],"author":[{"embeddable":true,"href":"https:\/\/diarioregionaldigital.com.br\/index.php?rest_route=\/wp\/v2\/users\/96"}],"replies":[{"embeddable":true,"href":"https:\/\/diarioregionaldigital.com.br\/index.php?rest_route=%2Fwp%2Fv2%2Fcomments&post=159955"}],"version-history":[{"count":0,"href":"https:\/\/diarioregionaldigital.com.br\/index.php?rest_route=\/wp\/v2\/posts\/159955\/revisions"}],"wp:featuredmedia":[{"embeddable":true,"href":"https:\/\/diarioregionaldigital.com.br\/index.php?rest_route=\/wp\/v2\/media\/159956"}],"wp:attachment":[{"href":"https:\/\/diarioregionaldigital.com.br\/index.php?rest_route=%2Fwp%2Fv2%2Fmedia&parent=159955"}],"wp:term":[{"taxonomy":"category","embeddable":true,"href":"https:\/\/diarioregionaldigital.com.br\/index.php?rest_route=%2Fwp%2Fv2%2Fcategories&post=159955"},{"taxonomy":"post_tag","embeddable":true,"href":"https:\/\/diarioregionaldigital.com.br\/index.php?rest_route=%2Fwp%2Fv2%2Ftags&post=159955"}],"curies":[{"name":"wp","href":"https:\/\/api.w.org\/{rel}","templated":true}]}}