{"id":159949,"date":"2020-05-08T18:40:50","date_gmt":"2020-05-08T21:40:50","guid":{"rendered":"https:\/\/diarioregionaldigital.com.br\/?p=159949"},"modified":"2020-05-08T18:40:50","modified_gmt":"2020-05-08T21:40:50","slug":"federacao-internacional-de-volei-cancela-liga-das-nacoes","status":"publish","type":"post","link":"https:\/\/diarioregionaldigital.com.br\/?p=159949","title":{"rendered":"Federa\u00e7\u00e3o Internacional de V\u00f4lei cancela Liga das Na\u00e7\u00f5es"},"content":{"rendered":"<p>A Federa\u00e7\u00e3o Internacional de V\u00f4lei (FIVB) anunciou que a edi\u00e7\u00e3o 2020 da Liga das Na\u00e7\u00f5es de V\u00f4lei foi cancelada por causa da pandemia do novo coronav\u00edrus (covid-19) e seu impacto nas cidades-sede.<\/p>\n<p>A competi\u00e7\u00e3o feminina estava programada para come\u00e7ar no dia 19 de maio, enquanto a masculina em 22 de maio. Em mar\u00e7o, a FIVB j\u00e1 havia anunciado o adiamento das competi\u00e7\u00f5es e a entidade tinha a esperan\u00e7a de encontrar uma data no final do ano.<\/p>\n<p>&#8220;Por\u00e9m, diante da evolu\u00e7\u00e3o da pandemia, da complexidade da realiza\u00e7\u00e3o de um evento global em v\u00e1rios pa\u00edses anfitri\u00f5es e do compromisso de proteger a sa\u00fade dos participantes, o conselho da Liga das Na\u00e7\u00f5es de V\u00f4lei, o conselho de administra\u00e7\u00e3o da FIVB e os organizadores do evento concordaram em cancelar a edi\u00e7\u00e3o deste ano. A FIVB continua trabalhando em estreita colabora\u00e7\u00e3o com todas as partes para coordenar o cronograma da edi\u00e7\u00e3o 2021 da Liga das Na\u00e7\u00f5es de V\u00f4lei, mantendo It\u00e1lia e China como sedes das finais&#8221;, diz o comunicado da FIVB.<\/p>\n<p>No comunicado, o presidente da Federa\u00e7\u00e3o Internacional de V\u00f4lei, o brasileiro Ary Gra\u00e7a, explicou como foi tomada a decis\u00e3o: &#8220;Junto com nossos parceiros, exploramos todas as op\u00e7\u00f5es para sediar a Liga das Na\u00e7\u00f5es 2020. Parte do que faz a Liga das Na\u00e7\u00f5es t\u00e3o especial \u00e9 que \u00e9 um evento verdadeiramente global, desfrutado por jogadores e especialmente por f\u00e3s de todo o mundo. Mas essa for\u00e7a tamb\u00e9m aumenta seu risco durante a atual pandemia global. Seria, portanto, imprudente, talvez at\u00e9 irrespons\u00e1vel, prosseguirmos com o evento quando n\u00e3o podemos proporcionar aos jogadores e a todos os interessados a certeza de que o Liga das Na\u00e7\u00f5es 2020 seria segura, acess\u00edvel a todos e mantida em alto n\u00edvel&#8221;.<\/p>\n<p>&#8220;Agora, nossa aten\u00e7\u00e3o se volta para a edi\u00e7\u00e3o 2021 da Liga das Na\u00e7\u00f5es, para garantir que seja a melhor edi\u00e7\u00e3o j\u00e1 realizada. Sei que nossos incr\u00edveis atletas ser\u00e3o incans\u00e1veis em seus esfor\u00e7os para se prepararem para a competi\u00e7\u00e3o e n\u00e3o tenho d\u00favidas de que o pr\u00f3ximo ano ser\u00e1 um ano muito emocionante para o v\u00f4lei&#8221;, afirmou o dirigente brasileiro.<\/p>\n<p>&nbsp;<\/p>\n<p><strong>Fonte:\u00a0<\/strong>Assessoria<\/p>\n","protected":false},"excerpt":{"rendered":"<p>A Federa\u00e7\u00e3o Internacional de V\u00f4lei (FIVB) anunciou que a edi\u00e7\u00e3o 2020 da Liga das Na\u00e7\u00f5es de V\u00f4lei foi cancelada por causa da pandemia do novo coronav\u00edrus (covid-19) e seu impacto nas cidades-sede. A competi\u00e7\u00e3o feminina estava programada para come\u00e7ar no dia 19 de maio, enquanto a masculina em 22 de maio. Em mar\u00e7o, a FIVB [&hellip;]<\/p>\n","protected":false},"author":96,"featured_media":159950,"comment_status":"closed","ping_status":"closed","sticky":false,"template":"","format":"standard","meta":{"footnotes":""},"categories":[436,257,439],"tags":[],"class_list":["post-159949","post","type-post","status-publish","format-standard","has-post-thumbnail","hentry","category-destaque-da-semana","category-esporte","category-ultima-hora"],"_links":{"self":[{"href":"https:\/\/diarioregionaldigital.com.br\/index.php?rest_route=\/wp\/v2\/posts\/159949","targetHints":{"allow":["GET"]}}],"collection":[{"href":"https:\/\/diarioregionaldigital.com.br\/index.php?rest_route=\/wp\/v2\/posts"}],"about":[{"href":"https:\/\/diarioregionaldigital.com.br\/index.php?rest_route=\/wp\/v2\/types\/post"}],"author":[{"embeddable":true,"href":"https:\/\/diarioregionaldigital.com.br\/index.php?rest_route=\/wp\/v2\/users\/96"}],"replies":[{"embeddable":true,"href":"https:\/\/diarioregionaldigital.com.br\/index.php?rest_route=%2Fwp%2Fv2%2Fcomments&post=159949"}],"version-history":[{"count":0,"href":"https:\/\/diarioregionaldigital.com.br\/index.php?rest_route=\/wp\/v2\/posts\/159949\/revisions"}],"wp:featuredmedia":[{"embeddable":true,"href":"https:\/\/diarioregionaldigital.com.br\/index.php?rest_route=\/wp\/v2\/media\/159950"}],"wp:attachment":[{"href":"https:\/\/diarioregionaldigital.com.br\/index.php?rest_route=%2Fwp%2Fv2%2Fmedia&parent=159949"}],"wp:term":[{"taxonomy":"category","embeddable":true,"href":"https:\/\/diarioregionaldigital.com.br\/index.php?rest_route=%2Fwp%2Fv2%2Fcategories&post=159949"},{"taxonomy":"post_tag","embeddable":true,"href":"https:\/\/diarioregionaldigital.com.br\/index.php?rest_route=%2Fwp%2Fv2%2Ftags&post=159949"}],"curies":[{"name":"wp","href":"https:\/\/api.w.org\/{rel}","templated":true}]}}