{"id":159940,"date":"2020-05-08T16:55:50","date_gmt":"2020-05-08T19:55:50","guid":{"rendered":"https:\/\/diarioregionaldigital.com.br\/?p=159940"},"modified":"2020-05-08T16:55:50","modified_gmt":"2020-05-08T19:55:50","slug":"fiscaliza-jf-faz-tres-visitas-a-hospitais-para-verificar-condicoes-para-enfrentamento-da-covid-19","status":"publish","type":"post","link":"https:\/\/diarioregionaldigital.com.br\/?p=159940","title":{"rendered":"Fiscaliza JF faz tr\u00eas visitas a hospitais para verificar condi\u00e7\u00f5es para enfrentamento da COVID-19"},"content":{"rendered":"<p>A preocupa\u00e7\u00e3o com a situa\u00e7\u00e3o do sistema de sa\u00fade da cidade durante a pandemia levou os servidores do Fiscaliza JF a visitar o Hospital Dr. Jo\u00e3o Penido, o Hospital Universit\u00e1rio (HU) e o Hospital Maternidade Therezinha de Jesus (HMTJ). De acordo com os dados apresentados \u00e0 equipe do Fiscaliza JF, 100% dos leitos de UTI do HU est\u00e3o ocupados. Os n\u00fameros n\u00e3o s\u00e3o mais animadores no Hospital Jo\u00e3o Penido, que est\u00e1 com 70% das vagas ocupadas. J\u00e1 na Maternidade Therezinha de Jesus a taxa de ocupa\u00e7\u00e3o \u00e9 de 20%. A expectativa \u00e9 de que sejam habilitados mais 20 leitos de UTI para atender pacientes com COVID-19 ainda esta semana. Os vereadores Luiz Ot\u00e1vio Fernandes Coelho &#8211; Pardal (PSL), Marlon Siqueira (Progressista), Ana Rossignoli (PATRIOTA),\u00a0 J\u00falio Obama Jr. (PODE) e Andr\u00e9 Mariano (PSL); al\u00e9m de Z\u00e9 M\u00e1rcio &#8211; Garotinho (PV), que \u00e9 representante da Comiss\u00e3o Parlamentar de Combate ao Coronav\u00edrus, acompanharam a visita.<\/p>\n<p>O infectologista do HU, Rodrigo Daniel Souza, questionado sobre a taxa de ocupa\u00e7\u00e3o do hospital j\u00e1 ser de 100% das UTI, afirmou que o principal problema para pacientes com COVID-19 ser\u00e1 a necessidade de leitos de tratamento intensivo. \u201cE o paciente que n\u00e3o tiver acesso a esse tipo de leito \u00e9 que vai evoluir para \u00f3bito por falta de assist\u00eancia. A prefeitura j\u00e1 solicitou v\u00e1rias vezes amplia\u00e7\u00e3o de leitos de UTI e est\u00e1 buscando as medidas para corrigir as falhas. Mas esbarramos em defici\u00eancia de estrutura e falta de equipamentos. Mesmo com dinheiro para comprar, n\u00e3o se encontra no mercado aparelhos dispon\u00edveis e, al\u00e9m disso, equipes dispon\u00edveis altamente qualificadas\u201d. No HU, h\u00e1 cinco leitos de UTI, todos ocupados. J\u00e1 na enfermaria, dos 13 dispon\u00edveis, 10 est\u00e3o vagos. Segundo os dados coletados pelo Fiscaliza, dos 39 atendimentos do HU relativos \u00e0 COVID-19, houve 8 confirma\u00e7\u00f5es do diagn\u00f3stico e h\u00e1 ainda seis considerados suspeitos. Al\u00e9m disso, h\u00e1 no HU tr\u00eas funcion\u00e1rios afastados com a doen\u00e7a.<\/p>\n<p>Rodrigo analisa tamb\u00e9m que leituras equivocadas dos dados levam, erroneamente, a crer que a doen\u00e7a esteja controlada. De acordo com ele, a compara\u00e7\u00e3o de curvas precisa levar em considera\u00e7\u00e3o os grupos de pessoas. \u201c aspas aqui ne No come\u00e7o da epidemia a linha era uma, mas \u00e9 preciso considerar que a linha mudou quando chegou \u00e0s camadas mais pobres e a pacientes do SUS porque o desenho de curva n\u00e3o pode ser comparado com a linha tra\u00e7ada no come\u00e7o da pandemia, s\u00e3o grupos diferentes\u201d. Ele enfatiza ainda que \u201ccomparar os gr\u00e1ficos do come\u00e7o e de agora faz parecer que est\u00e1 controlada, e n\u00e3o est\u00e1\u201d.<\/p>\n<p>Na Maternidade Therezinha de Jesus h\u00e1 20 leitos de UTI geral com, atualmente, quatro pacientes, sendo dois casos suspeitos e dois confirmados de COVID-19. O hospital, que n\u00e3o era refer\u00eancia para atendimento da COVID-19, registrou, desde o dia 30, nove \u00f3bitos suspeitos. O diretor-presidente do HMTJ, Marco Ant\u00f4nio Almeida, ressaltou a idade avan\u00e7ada das v\u00edtimas e o fato de que todos tinham comorbidades. Quanto \u00e0s informa\u00e7\u00f5es sobre afastamento de profissionais de sa\u00fade, os dados do Fiscaliza contabilizaram que na Maternidade h\u00e1 36 afastamentos de profissionais do hospital, sendo destes 11 casos ainda em investiga\u00e7\u00e3o.<\/p>\n<p>No Hospital Dr. Jo\u00e3o Penido h\u00e1 49 leitos, sendo que, destes, 9 est\u00e3o ocupados por pacientes com suspeita e confirma\u00e7\u00e3o da doen\u00e7a. Al\u00e9m disso, desde a declara\u00e7\u00e3o da pandemia, ocorreram dois \u00f3bitos por COVID-19, al\u00e9m de cinco altas. O diretor do Hospital Jo\u00e3o Penido, Rodrigo Daniel Souza, destacou a perspectiva de quem est\u00e1 dentro do hospital. \u201cPelos atendimentos aqui, estamos com o crescimento amenizado perto do que era esperado, mas estamos preparados para atender o aumento da demanda\u201d.<\/p>\n<p>Para o vereador e tamb\u00e9m presidente da C\u00e2mara, Luiz Ot\u00e1vio Coelho &#8211; Pardal, as visitas s\u00e3o fundamentais para saber exatamente o que se passa nos hospitais para que os vereadores tamb\u00e9m possam informar a popula\u00e7\u00e3o. \u201cAnunciam nos meios de comunica\u00e7\u00e3o que 84% dos leitos est\u00e3o ocupados em fun\u00e7\u00e3o da COVID-19, mas d\u00e1 para desmembrar isso em outras informa\u00e7\u00f5es mais detalhadas. Informa\u00e7\u00e3o com\u00a0 mais transpar\u00eancia e clareza para dar mais tranquilidade \u00e0 popula\u00e7\u00e3o. E esclarecer se as ocupa\u00e7\u00f5es s\u00e3o apenas de pessoas com COVID-19\u201d.<\/p>\n<p>O vereador e tamb\u00e9m representante da Comiss\u00e3o Parlamentar de Combate ao Coronav\u00edrus Z\u00e9 M\u00e1rcio &#8211; Garotinho destacou que o problema em Juiz de Fora n\u00e3o \u00e9 de enfermaria, mas de UTI. Ele refor\u00e7ou a import\u00e2ncia da quarentena e de um planejamento e escalonamento de atividades. \u201cO que me deixou muito preocupado \u00e9 a falta de leitos de UTI que podemos ter no futuro\u201d. Marlon Siqueira destacou a import\u00e2ncia da verifica\u00e7\u00e3o in loco para entender melhor a situa\u00e7\u00e3o. \u201cA C\u00e2mara Municipal precisa apoiar a prefeitura de Juiz de Fora para contratualiza\u00e7\u00e3o de maior n\u00famero de leitos de UTI. As visitas v\u00e3o continuar em outros hospitais da cidade para um diagn\u00f3stico e auxiliar a prefeitura no que ela necessita\u201d. Marlon destacou ainda que \u00e9 preciso pensar na situa\u00e7\u00e3o da cidade como macrorregi\u00e3o e em barreiras para garantir o atendimento a pessoas da cidade j\u00e1 que o sistema, segundo ele, est\u00e1 quase colapsando.<\/p>\n<p>A vereadora Ana Rossignoli tamb\u00e9m ressaltou a import\u00e2ncia da verifica\u00e7\u00e3o in loco com os administradores dos hospitais, e refor\u00e7ou a necessidade de isolamento social da popula\u00e7\u00e3o para a redu\u00e7\u00e3o do n\u00famero de casos. \u201cS\u00f3 saia de casa em caso extremo e use m\u00e1scaras. Ainda \u00e9 o melhor rem\u00e9dio para se prevenir contra a COVID-19\u201d, finalizou.<\/p>\n<p>&nbsp;<\/p>\n<p><strong>Fonte:<\/strong>\u00a0Assessoria<\/p>\n","protected":false},"excerpt":{"rendered":"<p>A preocupa\u00e7\u00e3o com a situa\u00e7\u00e3o do sistema de sa\u00fade da cidade durante a pandemia levou os servidores do Fiscaliza JF a visitar o Hospital Dr. Jo\u00e3o Penido, o Hospital Universit\u00e1rio (HU) e o Hospital Maternidade Therezinha de Jesus (HMTJ). De acordo com os dados apresentados \u00e0 equipe do Fiscaliza JF, 100% dos leitos de UTI [&hellip;]<\/p>\n","protected":false},"author":96,"featured_media":159941,"comment_status":"closed","ping_status":"closed","sticky":false,"template":"","format":"standard","meta":{"footnotes":""},"categories":[253,436,440,439],"tags":[],"class_list":["post-159940","post","type-post","status-publish","format-standard","has-post-thumbnail","hentry","category-cidade","category-destaque-da-semana","category-destaques-do-dia","category-ultima-hora"],"_links":{"self":[{"href":"https:\/\/diarioregionaldigital.com.br\/index.php?rest_route=\/wp\/v2\/posts\/159940","targetHints":{"allow":["GET"]}}],"collection":[{"href":"https:\/\/diarioregionaldigital.com.br\/index.php?rest_route=\/wp\/v2\/posts"}],"about":[{"href":"https:\/\/diarioregionaldigital.com.br\/index.php?rest_route=\/wp\/v2\/types\/post"}],"author":[{"embeddable":true,"href":"https:\/\/diarioregionaldigital.com.br\/index.php?rest_route=\/wp\/v2\/users\/96"}],"replies":[{"embeddable":true,"href":"https:\/\/diarioregionaldigital.com.br\/index.php?rest_route=%2Fwp%2Fv2%2Fcomments&post=159940"}],"version-history":[{"count":0,"href":"https:\/\/diarioregionaldigital.com.br\/index.php?rest_route=\/wp\/v2\/posts\/159940\/revisions"}],"wp:featuredmedia":[{"embeddable":true,"href":"https:\/\/diarioregionaldigital.com.br\/index.php?rest_route=\/wp\/v2\/media\/159941"}],"wp:attachment":[{"href":"https:\/\/diarioregionaldigital.com.br\/index.php?rest_route=%2Fwp%2Fv2%2Fmedia&parent=159940"}],"wp:term":[{"taxonomy":"category","embeddable":true,"href":"https:\/\/diarioregionaldigital.com.br\/index.php?rest_route=%2Fwp%2Fv2%2Fcategories&post=159940"},{"taxonomy":"post_tag","embeddable":true,"href":"https:\/\/diarioregionaldigital.com.br\/index.php?rest_route=%2Fwp%2Fv2%2Ftags&post=159940"}],"curies":[{"name":"wp","href":"https:\/\/api.w.org\/{rel}","templated":true}]}}