{"id":159937,"date":"2020-05-08T16:54:26","date_gmt":"2020-05-08T19:54:26","guid":{"rendered":"https:\/\/diarioregionaldigital.com.br\/?p=159937"},"modified":"2020-05-08T16:54:26","modified_gmt":"2020-05-08T19:54:26","slug":"ibge-coleta-informacoes-de-domicilios-sobre-covid-19","status":"publish","type":"post","link":"https:\/\/diarioregionaldigital.com.br\/?p=159937","title":{"rendered":"IBGE coleta informa\u00e7\u00f5es de domic\u00edlios sobre Covid-19"},"content":{"rendered":"<p>O Instituto Brasileiro de Geografia e Estat\u00edstica (IBGE), iniciou pesquisa por telefone da PNAD Covid-19, para fazer levantamento de 190 mil domic\u00edlios brasileiros, com objetivo de quantificar as pessoas com sintomas da doen\u00e7a e os impactos da pandemia no mercado de trabalho. Ao todo, cerca de dois mil agentes do IBGE j\u00e1 come\u00e7aram a telefonar para 193,6 mil domic\u00edlios distribu\u00eddos em 3.364 munic\u00edpios de todos os estados do pa\u00eds.<\/p>\n<p>As entrevistas tem dura\u00e7\u00e3o de aproximadamente, 10 minutos e os moradores que receberem o telefonema podem confirmar a identidade dos agentes de coleta por meio do site Respondendo ao IBGE ou do telefone 0800 721 8181, e informar matr\u00edcula, RG ou CPF do entrevistador.<\/p>\n<p>Segundo a coordenadora de Trabalho e Rendimento do IBGE, Maria Lucia Vieira, os primeiros resultados do trabalho devem ser divulgados ainda neste m\u00eas e os resultados semanalmente s\u00e3o divulgados nas sextas-feiras:<\/p>\n<p>\u201cNosso cronograma de coleta vai depender da extens\u00e3o da pandemia, mas planejamos divulgar os resultados semanalmente, \u00e0s sextas-feiras. Os dados para Brasil e grandes regi\u00f5es ser\u00e3o disponibilizados semanalmente, enquanto as informa\u00e7\u00f5es por estado ser\u00e3o mensais\u201d.<\/p>\n<p>Maria Lucia reitera que o foco da pesquisa \u00e9 buscar pessoas que apresentarem sintomas semelhantes aos do Coronav\u00edrus como febre, tosse, dificuldade de respirar, falta de paladar e olfato, fadiga, n\u00e1usea e coriza:<\/p>\n<p>\u201cEstimaremos tamb\u00e9m a parcela da popula\u00e7\u00e3o que procurou atendimento e em quais tipos de estabelecimentos de sa\u00fade, dentre outras informa\u00e7\u00f5es. Para os que n\u00e3o buscaram atendimento, vamos perguntar as medidas que adotaram para tratar os sintomas\u201d, explica Maria Lucia Vieira.<\/p>\n<p>A coleta ser\u00e1 efetuada remotamente por telefone por entrevistadores do IBGE em parceria com o Minist\u00e9rio da Sa\u00fade e entrevistar\u00e1 as mesmas pessoas por pelo menos tr\u00eas meses, com estat\u00edsticas oficiais da Covid divulgadas semanalmente.<\/p>\n<p>\u201cO instrumento r\u00e1pido proposto pelo IBGE junto \u00e0 PNAD Cont\u00ednua focar\u00e1 nas pessoas com sintomas de s\u00edndrome gripal, mostrando com precis\u00e3o a quantidade e o crescimento ou n\u00e3o do n\u00famero de casos de Covid, nas principais cidades brasileiras. O apoio do IBGE neste momento de pandemia \u00e9 estrat\u00e9gico para o Minist\u00e9rio da Sa\u00fade identificar o tamanho real da epidemia e a tomada de decis\u00e3o para orientar o Sistema \u00danico da Sa\u00fade (SUS), bem como o papel das equipes de Sa\u00fade da Fam\u00edlia, a fim de minimizar os efeitos da pandemia na vida das pessoas\u201d, analisa o Secret\u00e1rio de Aten\u00e7\u00e3o Prim\u00e1ria \u00e0 Sa\u00fade do Minist\u00e9rio da Sa\u00fade, Erno Harzheim.<\/p>\n<p>&nbsp;<\/p>\n<p>&nbsp;<\/p>\n<p>&nbsp;<\/p>\n<p>&nbsp;<\/p>\n<p>&nbsp;<\/p>\n","protected":false},"excerpt":{"rendered":"<p>O Instituto Brasileiro de Geografia e Estat\u00edstica (IBGE), iniciou pesquisa por telefone da PNAD Covid-19, para fazer levantamento de 190 mil domic\u00edlios brasileiros, com objetivo de quantificar as pessoas com sintomas da doen\u00e7a e os impactos da pandemia no mercado de trabalho. Ao todo, cerca de dois mil agentes do IBGE j\u00e1 come\u00e7aram a telefonar [&hellip;]<\/p>\n","protected":false},"author":96,"featured_media":159938,"comment_status":"closed","ping_status":"closed","sticky":false,"template":"","format":"standard","meta":{"footnotes":""},"categories":[253,436,439],"tags":[],"class_list":["post-159937","post","type-post","status-publish","format-standard","has-post-thumbnail","hentry","category-cidade","category-destaque-da-semana","category-ultima-hora"],"_links":{"self":[{"href":"https:\/\/diarioregionaldigital.com.br\/index.php?rest_route=\/wp\/v2\/posts\/159937","targetHints":{"allow":["GET"]}}],"collection":[{"href":"https:\/\/diarioregionaldigital.com.br\/index.php?rest_route=\/wp\/v2\/posts"}],"about":[{"href":"https:\/\/diarioregionaldigital.com.br\/index.php?rest_route=\/wp\/v2\/types\/post"}],"author":[{"embeddable":true,"href":"https:\/\/diarioregionaldigital.com.br\/index.php?rest_route=\/wp\/v2\/users\/96"}],"replies":[{"embeddable":true,"href":"https:\/\/diarioregionaldigital.com.br\/index.php?rest_route=%2Fwp%2Fv2%2Fcomments&post=159937"}],"version-history":[{"count":0,"href":"https:\/\/diarioregionaldigital.com.br\/index.php?rest_route=\/wp\/v2\/posts\/159937\/revisions"}],"wp:featuredmedia":[{"embeddable":true,"href":"https:\/\/diarioregionaldigital.com.br\/index.php?rest_route=\/wp\/v2\/media\/159938"}],"wp:attachment":[{"href":"https:\/\/diarioregionaldigital.com.br\/index.php?rest_route=%2Fwp%2Fv2%2Fmedia&parent=159937"}],"wp:term":[{"taxonomy":"category","embeddable":true,"href":"https:\/\/diarioregionaldigital.com.br\/index.php?rest_route=%2Fwp%2Fv2%2Fcategories&post=159937"},{"taxonomy":"post_tag","embeddable":true,"href":"https:\/\/diarioregionaldigital.com.br\/index.php?rest_route=%2Fwp%2Fv2%2Ftags&post=159937"}],"curies":[{"name":"wp","href":"https:\/\/api.w.org\/{rel}","templated":true}]}}