{"id":159934,"date":"2020-05-08T16:52:20","date_gmt":"2020-05-08T19:52:20","guid":{"rendered":"https:\/\/diarioregionaldigital.com.br\/?p=159934"},"modified":"2020-05-08T16:52:20","modified_gmt":"2020-05-08T19:52:20","slug":"guarda-municipal-e-habilitada-pelo-ministerio-da-justica-a-firmar-convenios","status":"publish","type":"post","link":"https:\/\/diarioregionaldigital.com.br\/?p=159934","title":{"rendered":"Guarda Municipal \u00e9 habilitada pelo Minist\u00e9rio da Justi\u00e7a a firmar conv\u00eanios"},"content":{"rendered":"<p>A Guarda Municipal de Juiz de Fora preencheu todos os pr\u00e9-requisitos exigidos pelo Minist\u00e9rio da Justi\u00e7a e Seguran\u00e7a P\u00fablica do Governo federal para se habilitar a firmar conv\u00eanios e receber recursos financeiros da Uni\u00e3o. Em todo o pa\u00eds, apenas 38 cidades conseguiram cumprir as etapas de regulariza\u00e7\u00e3o. A lista fica mais seleta ainda no n\u00edvel estadual, onde somente quatro guardas mineiras foram consideradas aptas: al\u00e9m de Juiz de Fora, Guaxup\u00e9, Lagoa da Prata e S\u00e3o Jo\u00e3o Del Rei. Mais de 900 GMs se encontram sob avalia\u00e7\u00e3o.<\/p>\n<p>Com a habilita\u00e7\u00e3o, Juiz de Fora se coloca na lista das cidades em condi\u00e7\u00f5es de pleitear financiamento para projetos na \u00e1rea de seguran\u00e7a e firmar conv\u00eanios com demais \u00f3rg\u00e3os do setor, inclusive com o pr\u00f3prio Governo federal. A avalia\u00e7\u00e3o feita pelo Minist\u00e9rio, para concess\u00e3o do termo de aptid\u00e3o, passa, principalmente, pela total regulamenta\u00e7\u00e3o jur\u00eddica da institui\u00e7\u00e3o, tendo diversas etapas de comprova\u00e7\u00e3o documental. Soma-se a isso o respaldo de \u00f3rg\u00e3os de controle social, como a preexist\u00eancia de ouvidoria, corregedoria e Conselho de Seguran\u00e7a no Munic\u00edpio.<\/p>\n<p>A informa\u00e7\u00e3o, recebida, atrav\u00e9s da Secretaria de Seguran\u00e7a Urbana e Cidadania (Sesuc) da Prefeitura de Juiz de Fora (PJF), representa o reconhecimento ao trabalho desenvolvido pela pasta. Desde o in\u00edcio de 2019, a Sesuc vem estabelecendo linha de a\u00e7\u00e3o objetiva quanto \u00e0 reformula\u00e7\u00e3o e reorganiza\u00e7\u00e3o geral dos processos internos da Guarda Municipal, firmando metas e instituindo trabalho no \u00e2mbito das pol\u00edticas p\u00fablicas de seguran\u00e7a. Entre essas a\u00e7\u00f5es destacam-se a realiza\u00e7\u00e3o da 1\u00aa Confer\u00eancia de Seguran\u00e7a Urbana e Cidadania e a elei\u00e7\u00e3o da primeira diretoria do Conselho Municipal de Seguran\u00e7a Urbana e Cidadania (Comsuc). \u201cA conquista evidencia o cumprimento do papel institucional da Guarda quanto aos seus valores e miss\u00e3o estabelecidos. Temos hoje na Sesuc o plano de a\u00e7\u00e3o 2019\/2020, com metas definidas. Estamos no processo de implementa\u00e7\u00e3o do Conselho Municipal de Seguran\u00e7a e elabora\u00e7\u00e3o do Plano Municipal de Seguran\u00e7a\u201d, destacou o secret\u00e1rio Jos\u00e9 S\u00f3ter de Figueir\u00f4a Neto, da Sesuc.<\/p>\n<p>&nbsp;<\/p>\n<p><strong>Fonte:\u00a0<\/strong>Assessoria<\/p>\n","protected":false},"excerpt":{"rendered":"<p>A Guarda Municipal de Juiz de Fora preencheu todos os pr\u00e9-requisitos exigidos pelo Minist\u00e9rio da Justi\u00e7a e Seguran\u00e7a P\u00fablica do Governo federal para se habilitar a firmar conv\u00eanios e receber recursos financeiros da Uni\u00e3o. Em todo o pa\u00eds, apenas 38 cidades conseguiram cumprir as etapas de regulariza\u00e7\u00e3o. A lista fica mais seleta ainda no n\u00edvel [&hellip;]<\/p>\n","protected":false},"author":96,"featured_media":159935,"comment_status":"closed","ping_status":"closed","sticky":false,"template":"","format":"standard","meta":{"footnotes":""},"categories":[253,436,439],"tags":[],"class_list":["post-159934","post","type-post","status-publish","format-standard","has-post-thumbnail","hentry","category-cidade","category-destaque-da-semana","category-ultima-hora"],"_links":{"self":[{"href":"https:\/\/diarioregionaldigital.com.br\/index.php?rest_route=\/wp\/v2\/posts\/159934","targetHints":{"allow":["GET"]}}],"collection":[{"href":"https:\/\/diarioregionaldigital.com.br\/index.php?rest_route=\/wp\/v2\/posts"}],"about":[{"href":"https:\/\/diarioregionaldigital.com.br\/index.php?rest_route=\/wp\/v2\/types\/post"}],"author":[{"embeddable":true,"href":"https:\/\/diarioregionaldigital.com.br\/index.php?rest_route=\/wp\/v2\/users\/96"}],"replies":[{"embeddable":true,"href":"https:\/\/diarioregionaldigital.com.br\/index.php?rest_route=%2Fwp%2Fv2%2Fcomments&post=159934"}],"version-history":[{"count":0,"href":"https:\/\/diarioregionaldigital.com.br\/index.php?rest_route=\/wp\/v2\/posts\/159934\/revisions"}],"wp:featuredmedia":[{"embeddable":true,"href":"https:\/\/diarioregionaldigital.com.br\/index.php?rest_route=\/wp\/v2\/media\/159935"}],"wp:attachment":[{"href":"https:\/\/diarioregionaldigital.com.br\/index.php?rest_route=%2Fwp%2Fv2%2Fmedia&parent=159934"}],"wp:term":[{"taxonomy":"category","embeddable":true,"href":"https:\/\/diarioregionaldigital.com.br\/index.php?rest_route=%2Fwp%2Fv2%2Fcategories&post=159934"},{"taxonomy":"post_tag","embeddable":true,"href":"https:\/\/diarioregionaldigital.com.br\/index.php?rest_route=%2Fwp%2Fv2%2Ftags&post=159934"}],"curies":[{"name":"wp","href":"https:\/\/api.w.org\/{rel}","templated":true}]}}