{"id":159931,"date":"2020-05-08T16:50:53","date_gmt":"2020-05-08T19:50:53","guid":{"rendered":"https:\/\/diarioregionaldigital.com.br\/?p=159931"},"modified":"2020-05-08T16:50:53","modified_gmt":"2020-05-08T19:50:53","slug":"stf-mantem-suspensao-da-mp-do-compartilhamento-de-dados-com-ibge","status":"publish","type":"post","link":"https:\/\/diarioregionaldigital.com.br\/?p=159931","title":{"rendered":"STF mant\u00e9m suspens\u00e3o da MP do compartilhamento de dados com IBGE"},"content":{"rendered":"<p>O Supremo Tribunal Federal (STF) decidiu manter a suspens\u00e3o da Medida Provis\u00f3ria n\u00ba 954\/2020, que permitiu o compartilhamento de informa\u00e7\u00f5es cadastrais de usu\u00e1rios de linhas telef\u00f4nicas com o Instituto Brasileiro de Geografia e Estat\u00edstica (IBGE).<\/p>\n<p>Na sess\u00e3o desta tarde, por 10 votos a 1, o plen\u00e1rio referendou liminar proferida pela ministra Rosa Weber em 24 de abril.<\/p>\n<p>Na decis\u00e3o, a Corte atendeu ao pedido liminar de partidos de oposi\u00e7\u00e3o e da Ordem dos Advogados do Brasil (OAB) para suspender a medida. As legendas e a OAB alegaram que o repasse das informa\u00e7\u00f5es viola o direito \u00e0 privacidade.<\/p>\n<p>Pela MP, as empresas de telecomunica\u00e7\u00f5es deveriam repassar ao IBGE a rela\u00e7\u00e3o dos nomes, dos n\u00fameros de telefone e dos endere\u00e7os de seus consumidores, pessoas f\u00edsicas ou jur\u00eddicas. O sigilo dos dados seriam usados para produ\u00e7\u00e3o de estat\u00edstica oficial diante da impossibilidade de pesquisas domiciliares presenciais durante a pandemia do novo coronav\u00edrus.<\/p>\n<p>&nbsp;<\/p>\n<p><strong>Fonte:\u00a0<\/strong>Ag\u00eancia Brasil<\/p>\n","protected":false},"excerpt":{"rendered":"<p>O Supremo Tribunal Federal (STF) decidiu manter a suspens\u00e3o da Medida Provis\u00f3ria n\u00ba 954\/2020, que permitiu o compartilhamento de informa\u00e7\u00f5es cadastrais de usu\u00e1rios de linhas telef\u00f4nicas com o Instituto Brasileiro de Geografia e Estat\u00edstica (IBGE). Na sess\u00e3o desta tarde, por 10 votos a 1, o plen\u00e1rio referendou liminar proferida pela ministra Rosa Weber em 24 [&hellip;]<\/p>\n","protected":false},"author":96,"featured_media":159932,"comment_status":"closed","ping_status":"closed","sticky":false,"template":"","format":"standard","meta":{"footnotes":""},"categories":[436,254,439],"tags":[],"class_list":["post-159931","post","type-post","status-publish","format-standard","has-post-thumbnail","hentry","category-destaque-da-semana","category-politica","category-ultima-hora"],"_links":{"self":[{"href":"https:\/\/diarioregionaldigital.com.br\/index.php?rest_route=\/wp\/v2\/posts\/159931","targetHints":{"allow":["GET"]}}],"collection":[{"href":"https:\/\/diarioregionaldigital.com.br\/index.php?rest_route=\/wp\/v2\/posts"}],"about":[{"href":"https:\/\/diarioregionaldigital.com.br\/index.php?rest_route=\/wp\/v2\/types\/post"}],"author":[{"embeddable":true,"href":"https:\/\/diarioregionaldigital.com.br\/index.php?rest_route=\/wp\/v2\/users\/96"}],"replies":[{"embeddable":true,"href":"https:\/\/diarioregionaldigital.com.br\/index.php?rest_route=%2Fwp%2Fv2%2Fcomments&post=159931"}],"version-history":[{"count":0,"href":"https:\/\/diarioregionaldigital.com.br\/index.php?rest_route=\/wp\/v2\/posts\/159931\/revisions"}],"wp:featuredmedia":[{"embeddable":true,"href":"https:\/\/diarioregionaldigital.com.br\/index.php?rest_route=\/wp\/v2\/media\/159932"}],"wp:attachment":[{"href":"https:\/\/diarioregionaldigital.com.br\/index.php?rest_route=%2Fwp%2Fv2%2Fmedia&parent=159931"}],"wp:term":[{"taxonomy":"category","embeddable":true,"href":"https:\/\/diarioregionaldigital.com.br\/index.php?rest_route=%2Fwp%2Fv2%2Fcategories&post=159931"},{"taxonomy":"post_tag","embeddable":true,"href":"https:\/\/diarioregionaldigital.com.br\/index.php?rest_route=%2Fwp%2Fv2%2Ftags&post=159931"}],"curies":[{"name":"wp","href":"https:\/\/api.w.org\/{rel}","templated":true}]}}