{"id":159917,"date":"2020-05-08T13:33:17","date_gmt":"2020-05-08T16:33:17","guid":{"rendered":"https:\/\/diarioregionaldigital.com.br\/?p=159917"},"modified":"2020-05-08T13:33:17","modified_gmt":"2020-05-08T16:33:17","slug":"municipios-comecam-a-receber-recursos-destinados-a-assistencia-social","status":"publish","type":"post","link":"https:\/\/diarioregionaldigital.com.br\/?p=159917","title":{"rendered":"Munic\u00edpios come\u00e7am a receber recursos destinados \u00e0 assist\u00eancia social"},"content":{"rendered":"<p>Recursos da ordem de R$ 600 milh\u00f5es ser\u00e3o transferidos para a assist\u00eancia social de todos os munic\u00edpios, a partir desta sexta-feira (8). A transfer\u00eancia do dinheiro \u00e9 referente aos meses de abril, maio e junho e ser\u00e1 feita pelo Minist\u00e9rio da Cidadania, por meio do Fundo Nacional de Assist\u00eancia Social, e tem por objetivo proteger a popula\u00e7\u00e3o vulner\u00e1vel, que mais tem sofrido as consequ\u00eancias da pandemia do novo coronav\u00edrus (covid-19).<\/p>\n<p>&#8220;Vamos fazer o pagamento de uma parcela que vai englobar tr\u00eas meses, exatamente para dar condi\u00e7\u00f5es para o Sistema \u00danico de Assist\u00eancia Social (Suas). \u00c9 um ex\u00e9rcito que chamo \u2018do bem\u2019, pr\u00f3ximo de 200 mil pessoas que est\u00e3o em cada canto do Brasil, levando n\u00e3o apenas alimento e preven\u00e7\u00e3o, mas carinho, conforto e est\u00edmulo para a popula\u00e7\u00e3o enfrentar este momento&#8221;, disse o ministro Onyx Lorenzoni,<\/p>\n<p>Um segundo repasse ser\u00e1 feito em 8 de junho, ser\u00e3o mais R$ 600 milh\u00f5es, referentes aos meses de julho, agosto e setembro. Com isso, o total destinado para o fortalecimento da assist\u00eancia social, via cofinanciamento do Suas, chegar\u00e1 a R$ 1,2 bilh\u00e3o. Os recursos foram garantidos na\u00a0Medida Provis\u00f3ria n\u00ba 953, publicada em 16 de abril, que abriu cr\u00e9dito extraordin\u00e1rio de R$ 2,5 bilh\u00f5es.<\/p>\n<p>De acordo com o minist\u00e9rio, outra parte dos recursos ser\u00e1 destinada para os munic\u00edpios atuarem em tr\u00eas frentes: aquisi\u00e7\u00e3o de Equipamentos de Prote\u00e7\u00e3o Individual (EPIs) para as equipes de assist\u00eancia social; compra de alimentos para as institui\u00e7\u00f5es que cuidam de idosos, al\u00e9m de orfanatos; e a\u00e7\u00f5es de acolhimento e abrigamento de moradores de rua. O an\u00fancio da aplica\u00e7\u00e3o desses recursos foi feito no dia 30 de abril.<\/p>\n<p>&#8220;\u00c9 um volume de R$ 1,03 bilh\u00e3o para a aquisi\u00e7\u00e3o. N\u00f3s temos hoje 1.686 munic\u00edpios brasileiros habilitados a receber os recursos. S\u00e3o R$ 159 milh\u00f5es que est\u00e3o sendo transferidos a partir de hoje para esses munic\u00edpios, tamb\u00e9m no sistema de duas parcelas. Recebe um primeiro volume que permite o atendimento por tr\u00eas meses e, depois, uma segunda parcela em junho, para atender outros tr\u00eas meses&#8221;, disse Lorenzoni.<\/p>\n<p>&nbsp;<\/p>\n<p><strong>Fonte:\u00a0<\/strong>Ag\u00eancia Brasil<\/p>\n","protected":false},"excerpt":{"rendered":"<p>Recursos da ordem de R$ 600 milh\u00f5es ser\u00e3o transferidos para a assist\u00eancia social de todos os munic\u00edpios, a partir desta sexta-feira (8). A transfer\u00eancia do dinheiro \u00e9 referente aos meses de abril, maio e junho e ser\u00e1 feita pelo Minist\u00e9rio da Cidadania, por meio do Fundo Nacional de Assist\u00eancia Social, e tem por objetivo proteger [&hellip;]<\/p>\n","protected":false},"author":96,"featured_media":159918,"comment_status":"closed","ping_status":"closed","sticky":false,"template":"","format":"standard","meta":{"footnotes":""},"categories":[302,436,439],"tags":[],"class_list":["post-159917","post","type-post","status-publish","format-standard","has-post-thumbnail","hentry","category-brasil-mundo","category-destaque-da-semana","category-ultima-hora"],"_links":{"self":[{"href":"https:\/\/diarioregionaldigital.com.br\/index.php?rest_route=\/wp\/v2\/posts\/159917","targetHints":{"allow":["GET"]}}],"collection":[{"href":"https:\/\/diarioregionaldigital.com.br\/index.php?rest_route=\/wp\/v2\/posts"}],"about":[{"href":"https:\/\/diarioregionaldigital.com.br\/index.php?rest_route=\/wp\/v2\/types\/post"}],"author":[{"embeddable":true,"href":"https:\/\/diarioregionaldigital.com.br\/index.php?rest_route=\/wp\/v2\/users\/96"}],"replies":[{"embeddable":true,"href":"https:\/\/diarioregionaldigital.com.br\/index.php?rest_route=%2Fwp%2Fv2%2Fcomments&post=159917"}],"version-history":[{"count":0,"href":"https:\/\/diarioregionaldigital.com.br\/index.php?rest_route=\/wp\/v2\/posts\/159917\/revisions"}],"wp:featuredmedia":[{"embeddable":true,"href":"https:\/\/diarioregionaldigital.com.br\/index.php?rest_route=\/wp\/v2\/media\/159918"}],"wp:attachment":[{"href":"https:\/\/diarioregionaldigital.com.br\/index.php?rest_route=%2Fwp%2Fv2%2Fmedia&parent=159917"}],"wp:term":[{"taxonomy":"category","embeddable":true,"href":"https:\/\/diarioregionaldigital.com.br\/index.php?rest_route=%2Fwp%2Fv2%2Fcategories&post=159917"},{"taxonomy":"post_tag","embeddable":true,"href":"https:\/\/diarioregionaldigital.com.br\/index.php?rest_route=%2Fwp%2Fv2%2Ftags&post=159917"}],"curies":[{"name":"wp","href":"https:\/\/api.w.org\/{rel}","templated":true}]}}