{"id":159914,"date":"2020-05-08T13:30:10","date_gmt":"2020-05-08T16:30:10","guid":{"rendered":"https:\/\/diarioregionaldigital.com.br\/?p=159914"},"modified":"2020-05-08T13:30:10","modified_gmt":"2020-05-08T16:30:10","slug":"minas-tem-terceira-menor-taxa-de-mortalidade-por-coronavirus-do-pais","status":"publish","type":"post","link":"https:\/\/diarioregionaldigital.com.br\/?p=159914","title":{"rendered":"Minas tem terceira menor taxa de mortalidade por coronav\u00edrus do pa\u00eds"},"content":{"rendered":"<p>De acordo com balan\u00e7o divulgado pelo Minist\u00e9rio da Sa\u00fade (MS), nesta quinta-feira (7\/5), Minas Gerais ocupa a antepen\u00faltima posi\u00e7\u00e3o no ranking de \u00f3bitos\u00a0por coronav\u00edrus do pa\u00eds.<\/p>\n<p>Os dados apurados pelo \u00f3rg\u00e3o apontam 5 mortes por 1 milh\u00e3o de habitantes no estado desde o in\u00edcio da pandemia. O \u00edndice \u00e9 1 ponto acima do \u00faltimo e pen\u00faltimo colocados, Mato Grosso do Sul e Mato Grosso, respectivamente, com 4 mortes por 1 milh\u00e3o de habitantes.<\/p>\n<p><strong>Dados locais<\/strong><\/p>\n<p>De acordo com estes n\u00fameros, Minas Gerais \u00e9 o 3\u00ba estado com a menor taxa de \u00f3bitos, com \u00edndice 87% menor que a m\u00e9dia dos estados e 89% menor considerando o pa\u00eds como um todo.<\/p>\n<p>Apesar de o n\u00famero indicar uma situa\u00e7\u00e3o controlada no estado, em live realizada nesta quinta-feira (7\/5), em que o governador anunciou a recupera\u00e7\u00e3o e disponibiliza\u00e7\u00e3o de mais 368 leitos de UTI na rede p\u00fablica hospitalar do Estado, ele ressaltou que todo o esfor\u00e7o tem sido feito para preparar os hospitais \u201cpara que nenhum mineiro fique sem leito\u201d.<\/p>\n<p>Romeu Zema destacou ainda que o resultado positivo para o enfrentamento da pandemia no estado \u00e9 fruto de um trabalho integrado e da uni\u00e3o de esfor\u00e7os de todos.<\/p>\n<p><strong>A\u00e7\u00f5es<\/strong><\/p>\n<p>Al\u00e9m da habilita\u00e7\u00e3o de novos leitos de UTI, o estado tem empreendido intenso trabalho de preven\u00e7\u00e3o e combate \u00e0 pandemia de Covid-19 com a\u00e7\u00f5es como desinfec\u00e7\u00e3o de espa\u00e7os p\u00fablicos, identifica\u00e7\u00e3o e recupera\u00e7\u00e3o de leitos de UTI na rede p\u00fablica de sa\u00fade e campanhas de conscientiza\u00e7\u00e3o da popula\u00e7\u00e3o, entre outras iniciativas.<\/p>\n<p>Segundo o secret\u00e1rio de Estado de\u00a0Sa\u00fade\u00a0de Minas Gerais, Carlos Eduardo Amaral, a popula\u00e7\u00e3o tamb\u00e9m tem sido respons\u00e1vel pelos \u00edndices positivos no combate ao coronav\u00edrus. \u201cO isolamento em momento oportuno e com bom n\u00edvel de ades\u00e3o social \u00e9 um dos fatores para o desempenho do estado na luta contra a pandemia\u201d.<\/p>\n<p>Segundo o \u00faltimo balan\u00e7o da Secretaria de Estado de Sa\u00fade (SES-MG), divulgado nesta quinta-feira (7\/5), o estado tem 2.770 casos e 106 mortes confirmadas pelo coronav\u00edrus.<\/p>\n<p>&nbsp;<\/p>\n<p><strong>Fonte:\u00a0<\/strong>Ag\u00eancia Minas<\/p>\n","protected":false},"excerpt":{"rendered":"<p>De acordo com balan\u00e7o divulgado pelo Minist\u00e9rio da Sa\u00fade (MS), nesta quinta-feira (7\/5), Minas Gerais ocupa a antepen\u00faltima posi\u00e7\u00e3o no ranking de \u00f3bitos\u00a0por coronav\u00edrus do pa\u00eds. Os dados apurados pelo \u00f3rg\u00e3o apontam 5 mortes por 1 milh\u00e3o de habitantes no estado desde o in\u00edcio da pandemia. O \u00edndice \u00e9 1 ponto acima do \u00faltimo e [&hellip;]<\/p>\n","protected":false},"author":96,"featured_media":159915,"comment_status":"closed","ping_status":"closed","sticky":false,"template":"","format":"standard","meta":{"footnotes":""},"categories":[436,252,439],"tags":[],"class_list":["post-159914","post","type-post","status-publish","format-standard","has-post-thumbnail","hentry","category-destaque-da-semana","category-regiao","category-ultima-hora"],"_links":{"self":[{"href":"https:\/\/diarioregionaldigital.com.br\/index.php?rest_route=\/wp\/v2\/posts\/159914","targetHints":{"allow":["GET"]}}],"collection":[{"href":"https:\/\/diarioregionaldigital.com.br\/index.php?rest_route=\/wp\/v2\/posts"}],"about":[{"href":"https:\/\/diarioregionaldigital.com.br\/index.php?rest_route=\/wp\/v2\/types\/post"}],"author":[{"embeddable":true,"href":"https:\/\/diarioregionaldigital.com.br\/index.php?rest_route=\/wp\/v2\/users\/96"}],"replies":[{"embeddable":true,"href":"https:\/\/diarioregionaldigital.com.br\/index.php?rest_route=%2Fwp%2Fv2%2Fcomments&post=159914"}],"version-history":[{"count":0,"href":"https:\/\/diarioregionaldigital.com.br\/index.php?rest_route=\/wp\/v2\/posts\/159914\/revisions"}],"wp:featuredmedia":[{"embeddable":true,"href":"https:\/\/diarioregionaldigital.com.br\/index.php?rest_route=\/wp\/v2\/media\/159915"}],"wp:attachment":[{"href":"https:\/\/diarioregionaldigital.com.br\/index.php?rest_route=%2Fwp%2Fv2%2Fmedia&parent=159914"}],"wp:term":[{"taxonomy":"category","embeddable":true,"href":"https:\/\/diarioregionaldigital.com.br\/index.php?rest_route=%2Fwp%2Fv2%2Fcategories&post=159914"},{"taxonomy":"post_tag","embeddable":true,"href":"https:\/\/diarioregionaldigital.com.br\/index.php?rest_route=%2Fwp%2Fv2%2Ftags&post=159914"}],"curies":[{"name":"wp","href":"https:\/\/api.w.org\/{rel}","templated":true}]}}