{"id":159907,"date":"2020-05-08T06:00:39","date_gmt":"2020-05-08T09:00:39","guid":{"rendered":"https:\/\/diarioregionaldigital.com.br\/?p=159907"},"modified":"2020-05-08T00:08:28","modified_gmt":"2020-05-08T03:08:28","slug":"prefeitura-municipal-de-descoberto-extrato-08-05-2020","status":"publish","type":"post","link":"https:\/\/diarioregionaldigital.com.br\/?p=159907","title":{"rendered":"Prefeitura Municipal de Descoberto &#8211; Extrato &#8211; 08\/05\/2020"},"content":{"rendered":"<p style=\"text-align: center;\"><strong>EXTRATO TERCEIRO TERMO ADITIVO DE CONTRATO<\/strong><\/p>\n<p style=\"text-align: center;\">3\u00ba Termo Aditivo. Pref. Municipal de Descoberto x SH3 Inform\u00e1tica Ltda- Objeto: Constitui objeto do presente termo aditivo a modifica\u00e7\u00e3o do prazo de vig\u00eancia do contrato, que passar\u00e1 a vigorar de 08\/05\/20 a 08\/05\/21 &#8211; Fundamento: Preg\u00e3o 009\/2017 \u00a0\u2013 Valor Global: 66.000,00 &#8211; Vig\u00eancia: 08\/05\/20 a 08\/05\/21\u2013 Dot or\u00e7: 02.02000.04.122.0002.218-339039 \/100 &#8211; Ass: 08\/05\/20 &#8211; Foro: S\u00e3o Jo\u00e3o Nepomuceno\/MG.<\/p>\n<p style=\"text-align: center;\"><strong>Marcos de Ara\u00fajo Lima<\/strong><\/p>\n<p style=\"text-align: center;\"><strong>Prefeito Municipal<\/strong><\/p>\n","protected":false},"excerpt":{"rendered":"<p>EXTRATO TERCEIRO TERMO ADITIVO DE CONTRATO 3\u00ba Termo Aditivo. Pref. Municipal de Descoberto x SH3 Inform\u00e1tica Ltda- Objeto: Constitui objeto do presente termo aditivo a modifica\u00e7\u00e3o do prazo de vig\u00eancia do contrato, que passar\u00e1 a vigorar de 08\/05\/20 a 08\/05\/21 &#8211; Fundamento: Preg\u00e3o 009\/2017 \u00a0\u2013 Valor Global: 66.000,00 &#8211; Vig\u00eancia: 08\/05\/20 a 08\/05\/21\u2013 Dot or\u00e7: [&hellip;]<\/p>\n","protected":false},"author":96,"featured_media":0,"comment_status":"closed","ping_status":"closed","sticky":false,"template":"","format":"standard","meta":{"footnotes":""},"categories":[307],"tags":[],"class_list":["post-159907","post","type-post","status-publish","format-standard","hentry","category-editais"],"_links":{"self":[{"href":"https:\/\/diarioregionaldigital.com.br\/index.php?rest_route=\/wp\/v2\/posts\/159907","targetHints":{"allow":["GET"]}}],"collection":[{"href":"https:\/\/diarioregionaldigital.com.br\/index.php?rest_route=\/wp\/v2\/posts"}],"about":[{"href":"https:\/\/diarioregionaldigital.com.br\/index.php?rest_route=\/wp\/v2\/types\/post"}],"author":[{"embeddable":true,"href":"https:\/\/diarioregionaldigital.com.br\/index.php?rest_route=\/wp\/v2\/users\/96"}],"replies":[{"embeddable":true,"href":"https:\/\/diarioregionaldigital.com.br\/index.php?rest_route=%2Fwp%2Fv2%2Fcomments&post=159907"}],"version-history":[{"count":0,"href":"https:\/\/diarioregionaldigital.com.br\/index.php?rest_route=\/wp\/v2\/posts\/159907\/revisions"}],"wp:attachment":[{"href":"https:\/\/diarioregionaldigital.com.br\/index.php?rest_route=%2Fwp%2Fv2%2Fmedia&parent=159907"}],"wp:term":[{"taxonomy":"category","embeddable":true,"href":"https:\/\/diarioregionaldigital.com.br\/index.php?rest_route=%2Fwp%2Fv2%2Fcategories&post=159907"},{"taxonomy":"post_tag","embeddable":true,"href":"https:\/\/diarioregionaldigital.com.br\/index.php?rest_route=%2Fwp%2Fv2%2Ftags&post=159907"}],"curies":[{"name":"wp","href":"https:\/\/api.w.org\/{rel}","templated":true}]}}