{"id":159881,"date":"2020-05-07T22:41:21","date_gmt":"2020-05-08T01:41:21","guid":{"rendered":"https:\/\/diarioregionaldigital.com.br\/?p=159881"},"modified":"2020-05-07T22:41:21","modified_gmt":"2020-05-08T01:41:21","slug":"dois-individuos-sao-presos-por-porte-ilegal-de-arma-de-fogo","status":"publish","type":"post","link":"https:\/\/diarioregionaldigital.com.br\/?p=159881","title":{"rendered":"Dois indiv\u00edduos s\u00e3o presos por porte ilegal de arma de fogo"},"content":{"rendered":"<p>A Pol\u00edcia Militar (PM), prendeu dois suspeitos por porte ilegal de arma de fogo em Juiz de Fora. O primeiro caso ocorreu no Bairro Grama, onde os moradores relataram que um homem de 57 anos estaria exibindo uma escopeta. Com informa\u00e7\u00f5es em m\u00e3os, os policiais de deslocaram at\u00e9 a resid\u00eancia e tiveram a entrada liberada. Ap\u00f3s buscas pelo im\u00f3vel, os policiais encontraram a escopeta calibre 20. O morador disse que a arma era de propriedade do suspeito, no entanto ele n\u00e3o estava presente e at\u00e9 ent\u00e3o n\u00e3o foi localizado.<\/p>\n<p>O segundo caso foi no Torre\u00f5es, onde os policiais receberam informa\u00e7\u00f5es de que um adolescente de 17 anos estaria com posse de arma de fogo. A guarni\u00e7\u00e3o foi at\u00e9 a resid\u00eancia do autor e durante buscas pelo local, encontraram uma carabina calibre 38, escondido debaixo de uma telha. O adolescente foi preso e encaminhado para a Delegacia.<\/p>\n","protected":false},"excerpt":{"rendered":"<p>A Pol\u00edcia Militar (PM), prendeu dois suspeitos por porte ilegal de arma de fogo em Juiz de Fora. O primeiro caso ocorreu no Bairro Grama, onde os moradores relataram que um homem de 57 anos estaria exibindo uma escopeta. Com informa\u00e7\u00f5es em m\u00e3os, os policiais de deslocaram at\u00e9 a resid\u00eancia e tiveram a entrada liberada. [&hellip;]<\/p>\n","protected":false},"author":96,"featured_media":97342,"comment_status":"closed","ping_status":"closed","sticky":false,"template":"","format":"standard","meta":{"footnotes":""},"categories":[301,436,439],"tags":[],"class_list":["post-159881","post","type-post","status-publish","format-standard","has-post-thumbnail","hentry","category-artigos-policiais","category-destaque-da-semana","category-ultima-hora"],"_links":{"self":[{"href":"https:\/\/diarioregionaldigital.com.br\/index.php?rest_route=\/wp\/v2\/posts\/159881","targetHints":{"allow":["GET"]}}],"collection":[{"href":"https:\/\/diarioregionaldigital.com.br\/index.php?rest_route=\/wp\/v2\/posts"}],"about":[{"href":"https:\/\/diarioregionaldigital.com.br\/index.php?rest_route=\/wp\/v2\/types\/post"}],"author":[{"embeddable":true,"href":"https:\/\/diarioregionaldigital.com.br\/index.php?rest_route=\/wp\/v2\/users\/96"}],"replies":[{"embeddable":true,"href":"https:\/\/diarioregionaldigital.com.br\/index.php?rest_route=%2Fwp%2Fv2%2Fcomments&post=159881"}],"version-history":[{"count":0,"href":"https:\/\/diarioregionaldigital.com.br\/index.php?rest_route=\/wp\/v2\/posts\/159881\/revisions"}],"wp:featuredmedia":[{"embeddable":true,"href":"https:\/\/diarioregionaldigital.com.br\/index.php?rest_route=\/wp\/v2\/media\/97342"}],"wp:attachment":[{"href":"https:\/\/diarioregionaldigital.com.br\/index.php?rest_route=%2Fwp%2Fv2%2Fmedia&parent=159881"}],"wp:term":[{"taxonomy":"category","embeddable":true,"href":"https:\/\/diarioregionaldigital.com.br\/index.php?rest_route=%2Fwp%2Fv2%2Fcategories&post=159881"},{"taxonomy":"post_tag","embeddable":true,"href":"https:\/\/diarioregionaldigital.com.br\/index.php?rest_route=%2Fwp%2Fv2%2Ftags&post=159881"}],"curies":[{"name":"wp","href":"https:\/\/api.w.org\/{rel}","templated":true}]}}