{"id":159875,"date":"2020-05-07T22:07:45","date_gmt":"2020-05-08T01:07:45","guid":{"rendered":"https:\/\/diarioregionaldigital.com.br\/?p=159875"},"modified":"2020-05-07T22:07:45","modified_gmt":"2020-05-08T01:07:45","slug":"ipc-adia-eleicoes-do-conselho-de-atletas-ate-os-jogos-de-toquio-em-2021","status":"publish","type":"post","link":"https:\/\/diarioregionaldigital.com.br\/?p=159875","title":{"rendered":"IPC adia elei\u00e7\u00f5es do Conselho de Atletas at\u00e9 os Jogos de T\u00f3quio em 2021"},"content":{"rendered":"<p>O Comit\u00ea Paral\u00edmpico Internacional (IPC, em ingl\u00eas) divulgou o adiamento das elei\u00e7\u00f5es do Conselho de Atletas do IPC para 2021.\u00a0 No dia 30 de mar\u00e7o, foi anunciado o adiamento dos Jogos Paral\u00edmpicos de T\u00f3quio, que ser\u00e3o realizados entre 24 de agosto e 5 de setembro de 2021. A mudan\u00e7a ocorreu em virtude da atual pandemia de Covid-19.<\/p>\n<p>Nessas circunst\u00e2ncias, o IPC em conjunto com o seu Conselho de Atletas tomou a decis\u00e3o de adiar as elei\u00e7\u00f5es dos seis atletas para 2021. As elei\u00e7\u00f5es ser\u00e3o realizadas durante os Jogos de T\u00f3quio. As datas de vota\u00e7\u00e3o ser\u00e3o comunicadas em 2021.<\/p>\n<p>Os atletas do Conselho atual, cujo mandato terminaria em agosto de 2020 durante os Jogos, ter\u00e3o seu mandato prorrogado por um ano at\u00e9 a nova data do evento. No caso do presidente, que ficaria no cargo at\u00e9 mar\u00e7o de 2021, permanecer\u00e1 na fun\u00e7\u00e3o at\u00e9 a pr\u00f3xima elei\u00e7\u00e3o para presidente que ocorrer\u00e3o na primeira reuni\u00e3o do novo Conselho previstas para novembro de 2021.<\/p>\n<p>O processo de indica\u00e7\u00e3o dos concorrentes originalmente agendado de 20 de fevereiro a 20 de maio de 2020 est\u00e1 agora adiado e ser\u00e1 reaberto novamente no in\u00edcio de 2021, ainda sem data definida.<\/p>\n<p>Para os atletas a ser\u00e3o eleitos para o Conselho dos Atletas nos Jogos de T\u00f3quio em 2021, mandato ter\u00e1 dura\u00e7\u00e3o de tr\u00eas anos, at\u00e9 2024. As elei\u00e7\u00f5es seguintes ser\u00e3o realizadas durante os Jogos de Paris 2024.<\/p>\n<p>&nbsp;<\/p>\n<p><strong>Fonte:\u00a0<\/strong>CPB<\/p>\n","protected":false},"excerpt":{"rendered":"<p>O Comit\u00ea Paral\u00edmpico Internacional (IPC, em ingl\u00eas) divulgou o adiamento das elei\u00e7\u00f5es do Conselho de Atletas do IPC para 2021.\u00a0 No dia 30 de mar\u00e7o, foi anunciado o adiamento dos Jogos Paral\u00edmpicos de T\u00f3quio, que ser\u00e3o realizados entre 24 de agosto e 5 de setembro de 2021. A mudan\u00e7a ocorreu em virtude da atual pandemia [&hellip;]<\/p>\n","protected":false},"author":96,"featured_media":159876,"comment_status":"closed","ping_status":"closed","sticky":false,"template":"","format":"standard","meta":{"footnotes":""},"categories":[436,257,439],"tags":[],"class_list":["post-159875","post","type-post","status-publish","format-standard","has-post-thumbnail","hentry","category-destaque-da-semana","category-esporte","category-ultima-hora"],"_links":{"self":[{"href":"https:\/\/diarioregionaldigital.com.br\/index.php?rest_route=\/wp\/v2\/posts\/159875","targetHints":{"allow":["GET"]}}],"collection":[{"href":"https:\/\/diarioregionaldigital.com.br\/index.php?rest_route=\/wp\/v2\/posts"}],"about":[{"href":"https:\/\/diarioregionaldigital.com.br\/index.php?rest_route=\/wp\/v2\/types\/post"}],"author":[{"embeddable":true,"href":"https:\/\/diarioregionaldigital.com.br\/index.php?rest_route=\/wp\/v2\/users\/96"}],"replies":[{"embeddable":true,"href":"https:\/\/diarioregionaldigital.com.br\/index.php?rest_route=%2Fwp%2Fv2%2Fcomments&post=159875"}],"version-history":[{"count":0,"href":"https:\/\/diarioregionaldigital.com.br\/index.php?rest_route=\/wp\/v2\/posts\/159875\/revisions"}],"wp:featuredmedia":[{"embeddable":true,"href":"https:\/\/diarioregionaldigital.com.br\/index.php?rest_route=\/wp\/v2\/media\/159876"}],"wp:attachment":[{"href":"https:\/\/diarioregionaldigital.com.br\/index.php?rest_route=%2Fwp%2Fv2%2Fmedia&parent=159875"}],"wp:term":[{"taxonomy":"category","embeddable":true,"href":"https:\/\/diarioregionaldigital.com.br\/index.php?rest_route=%2Fwp%2Fv2%2Fcategories&post=159875"},{"taxonomy":"post_tag","embeddable":true,"href":"https:\/\/diarioregionaldigital.com.br\/index.php?rest_route=%2Fwp%2Fv2%2Ftags&post=159875"}],"curies":[{"name":"wp","href":"https:\/\/api.w.org\/{rel}","templated":true}]}}