{"id":159870,"date":"2020-05-07T21:29:11","date_gmt":"2020-05-08T00:29:11","guid":{"rendered":"https:\/\/diarioregionaldigital.com.br\/?p=159870"},"modified":"2020-05-07T21:29:11","modified_gmt":"2020-05-08T00:29:11","slug":"juiz-de-fora-chega-a-quase-300-casos-confirmados","status":"publish","type":"post","link":"https:\/\/diarioregionaldigital.com.br\/?p=159870","title":{"rendered":"Juiz de Fora chega a quase 300 casos confirmados"},"content":{"rendered":"<p>A Secretaria de Sa\u00fade\u00a0 (SS) da Prefeitura de Juiz de Fora (PJF), confirmou aumento para 296 casos confirmados de Coronav\u00edrus pelo munic\u00edpio. Al\u00e9m disso, o n\u00famero de mortes chega a 15. As duas v\u00edtimas s\u00e3o idosas de 74 e 93 anos. At\u00e9 o momento 2.786 casos s\u00e3o considerados suspeitos.<\/p>\n","protected":false},"excerpt":{"rendered":"<p>A Secretaria de Sa\u00fade\u00a0 (SS) da Prefeitura de Juiz de Fora (PJF), confirmou aumento para 296 casos confirmados de Coronav\u00edrus pelo munic\u00edpio. Al\u00e9m disso, o n\u00famero de mortes chega a 15. As duas v\u00edtimas s\u00e3o idosas de 74 e 93 anos. At\u00e9 o momento 2.786 casos s\u00e3o considerados suspeitos.<\/p>\n","protected":false},"author":96,"featured_media":158566,"comment_status":"closed","ping_status":"closed","sticky":false,"template":"","format":"standard","meta":{"footnotes":""},"categories":[253,436,440,439],"tags":[],"class_list":["post-159870","post","type-post","status-publish","format-standard","has-post-thumbnail","hentry","category-cidade","category-destaque-da-semana","category-destaques-do-dia","category-ultima-hora"],"_links":{"self":[{"href":"https:\/\/diarioregionaldigital.com.br\/index.php?rest_route=\/wp\/v2\/posts\/159870","targetHints":{"allow":["GET"]}}],"collection":[{"href":"https:\/\/diarioregionaldigital.com.br\/index.php?rest_route=\/wp\/v2\/posts"}],"about":[{"href":"https:\/\/diarioregionaldigital.com.br\/index.php?rest_route=\/wp\/v2\/types\/post"}],"author":[{"embeddable":true,"href":"https:\/\/diarioregionaldigital.com.br\/index.php?rest_route=\/wp\/v2\/users\/96"}],"replies":[{"embeddable":true,"href":"https:\/\/diarioregionaldigital.com.br\/index.php?rest_route=%2Fwp%2Fv2%2Fcomments&post=159870"}],"version-history":[{"count":0,"href":"https:\/\/diarioregionaldigital.com.br\/index.php?rest_route=\/wp\/v2\/posts\/159870\/revisions"}],"wp:featuredmedia":[{"embeddable":true,"href":"https:\/\/diarioregionaldigital.com.br\/index.php?rest_route=\/wp\/v2\/media\/158566"}],"wp:attachment":[{"href":"https:\/\/diarioregionaldigital.com.br\/index.php?rest_route=%2Fwp%2Fv2%2Fmedia&parent=159870"}],"wp:term":[{"taxonomy":"category","embeddable":true,"href":"https:\/\/diarioregionaldigital.com.br\/index.php?rest_route=%2Fwp%2Fv2%2Fcategories&post=159870"},{"taxonomy":"post_tag","embeddable":true,"href":"https:\/\/diarioregionaldigital.com.br\/index.php?rest_route=%2Fwp%2Fv2%2Ftags&post=159870"}],"curies":[{"name":"wp","href":"https:\/\/api.w.org\/{rel}","templated":true}]}}