{"id":159868,"date":"2020-05-07T20:57:50","date_gmt":"2020-05-07T23:57:50","guid":{"rendered":"https:\/\/diarioregionaldigital.com.br\/?p=159868"},"modified":"2020-05-07T20:57:50","modified_gmt":"2020-05-07T23:57:50","slug":"covid-19-brasil-passa-dos-135-mil-casos-confirmados","status":"publish","type":"post","link":"https:\/\/diarioregionaldigital.com.br\/?p=159868","title":{"rendered":"Covid-19: Brasil passa dos 135 mil casos confirmados"},"content":{"rendered":"<p>O Brasil chegou a 135.106 \u00a0casos confirmadosde covid-19, um aumento de 8% em rela\u00e7\u00e3o a ontem, quando foram registradas 125.218 mil pessoas nessa condi\u00e7\u00e3o. A atualiza\u00e7\u00e3o foi divulgada pelo Minist\u00e9rio da Sa\u00fade nesta quinta-feira (7). O n\u00famero foi um pouco mais baixo do recorde de ontem, quando os novos casos atualizados somaram 10.503.\u00a0Do total de casos, 70.620 est\u00e3o em acompanhamento (52,2%), 55.350 se recuperaram (41%) e 1.782 \u00f3bitos est\u00e3o em investiga\u00e7\u00e3o.<\/p>\n<p>O total de mortes subiu para 9.146. A marca representou um acr\u00e9scimo de 7% em rela\u00e7\u00e3o a ontem, quando foram contabilizados 8.536 falecimentos por covid-19. Deste total, 121 foram \u00f3bitos nos \u00faltimos tr\u00eas dias e o restante em dias anteriores mas confirmados nas \u00faltimas 24 horas.\u00a0A letalidade est\u00e1 em 6,8%.<\/p>\n<p>S\u00e3o Paulo se mant\u00e9m como epicentro da pandemia no pa\u00eds, concentrando o maior n\u00famero de falecimentos (3.206). O estado \u00e9 seguido pelo Rio de Janeiro (1.394), Cear\u00e1 (903), Pernambuco (845) e Amazonas (806).<\/p>\n<p>Al\u00e9m disso, foram registradas mortes no Par\u00e1 (410), Maranh\u00e3o (305), Bahia (165), Paran\u00e1 (104), Esp\u00edrito Santo (155), Minas Gerais (106), Para\u00edba (101), Alagoas (98), Rio Grande do Sul (90), Rio Grande do Norte (76), Santa Catarina (63), Amap\u00e1 (61), Goi\u00e1s (44), Rond\u00f4nia (37), Acre (36), Piau\u00ed (35), Distrito Federal (35), Sergipe (25), Roraima (14), Mato Grosso (13), Mato Grosso do Sul (10), e Tocantins (9).<\/p>\n<div class=\"dnd-widget-wrapper context-cheio_8colunas type-image\">\n<div class=\"dnd-atom-rendered\">\n<p>Os estados com maior incid\u00eancia (n\u00famero de casos por um milh\u00e3o de habitantes) s\u00e3o o Amap\u00e1 (2.600), Amazonas (2.437), Acre (1.150), Roraima (1.684) Cear\u00e1 (1.521) e Pernambuco (1.133).<\/p>\n<p>&nbsp;<\/p>\n<\/div>\n<p><strong>Fonte:\u00a0<\/strong>Ag\u00eancia Brasil<\/p>\n<\/div>\n","protected":false},"excerpt":{"rendered":"<p>O Brasil chegou a 135.106 \u00a0casos confirmadosde covid-19, um aumento de 8% em rela\u00e7\u00e3o a ontem, quando foram registradas 125.218 mil pessoas nessa condi\u00e7\u00e3o. A atualiza\u00e7\u00e3o foi divulgada pelo Minist\u00e9rio da Sa\u00fade nesta quinta-feira (7). O n\u00famero foi um pouco mais baixo do recorde de ontem, quando os novos casos atualizados somaram 10.503.\u00a0Do total de [&hellip;]<\/p>\n","protected":false},"author":96,"featured_media":158770,"comment_status":"closed","ping_status":"closed","sticky":false,"template":"","format":"standard","meta":{"footnotes":""},"categories":[302,436,440,439],"tags":[],"class_list":["post-159868","post","type-post","status-publish","format-standard","has-post-thumbnail","hentry","category-brasil-mundo","category-destaque-da-semana","category-destaques-do-dia","category-ultima-hora"],"_links":{"self":[{"href":"https:\/\/diarioregionaldigital.com.br\/index.php?rest_route=\/wp\/v2\/posts\/159868","targetHints":{"allow":["GET"]}}],"collection":[{"href":"https:\/\/diarioregionaldigital.com.br\/index.php?rest_route=\/wp\/v2\/posts"}],"about":[{"href":"https:\/\/diarioregionaldigital.com.br\/index.php?rest_route=\/wp\/v2\/types\/post"}],"author":[{"embeddable":true,"href":"https:\/\/diarioregionaldigital.com.br\/index.php?rest_route=\/wp\/v2\/users\/96"}],"replies":[{"embeddable":true,"href":"https:\/\/diarioregionaldigital.com.br\/index.php?rest_route=%2Fwp%2Fv2%2Fcomments&post=159868"}],"version-history":[{"count":0,"href":"https:\/\/diarioregionaldigital.com.br\/index.php?rest_route=\/wp\/v2\/posts\/159868\/revisions"}],"wp:featuredmedia":[{"embeddable":true,"href":"https:\/\/diarioregionaldigital.com.br\/index.php?rest_route=\/wp\/v2\/media\/158770"}],"wp:attachment":[{"href":"https:\/\/diarioregionaldigital.com.br\/index.php?rest_route=%2Fwp%2Fv2%2Fmedia&parent=159868"}],"wp:term":[{"taxonomy":"category","embeddable":true,"href":"https:\/\/diarioregionaldigital.com.br\/index.php?rest_route=%2Fwp%2Fv2%2Fcategories&post=159868"},{"taxonomy":"post_tag","embeddable":true,"href":"https:\/\/diarioregionaldigital.com.br\/index.php?rest_route=%2Fwp%2Fv2%2Ftags&post=159868"}],"curies":[{"name":"wp","href":"https:\/\/api.w.org\/{rel}","templated":true}]}}