{"id":159830,"date":"2020-05-07T11:20:15","date_gmt":"2020-05-07T14:20:15","guid":{"rendered":"https:\/\/diarioregionaldigital.com.br\/?p=159830"},"modified":"2020-05-07T11:20:15","modified_gmt":"2020-05-07T14:20:15","slug":"uso-de-mascara-passa-a-ser-obrigatorio-em-onibus-intermunicipal-e-metropolitano","status":"publish","type":"post","link":"https:\/\/diarioregionaldigital.com.br\/?p=159830","title":{"rendered":"Uso de m\u00e1scara passa a ser obrigat\u00f3rio em \u00f4nibus intermunicipal e metropolitano"},"content":{"rendered":"<p>A partir desta quinta-feira (7), passageiros de meios de transportes coletivos intermunicipais e metropolitanos em Minas Gerais devem, obrigatoriamente, usar m\u00e1scaras de prote\u00e7\u00e3o dentro dos \u00f4nibus. Anteriormente, havia apenas a recomenda\u00e7\u00e3o de uso, e, com a nova regra, os motoristas s\u00f3 poder\u00e3o iniciar ou prosseguir viagem se todos estiverem utilizando o item de seguran\u00e7a.<\/p>\n<p>\u201cEsta \u00e9 mais uma medida importante para a sa\u00fade dos usu\u00e1rios.\u00a0Novamente, a colabora\u00e7\u00e3o da popula\u00e7\u00e3o ser\u00e1 fundamental para o cumprimento da regra, que traz mais seguran\u00e7a para quem necessita utilizar o transporte p\u00fablico\u201d, refor\u00e7a o superintendente de Transporte Intermunicipal e Metropolitano da\u00a0Secretaria de Estado de Infraestrutura e Mobilidade (Seinfra), Eri\u00eanio Souza.<\/p>\n<p>De acordo com a\u00a0Delibera\u00e7\u00e3o do Comit\u00ea Extraordin\u00e1rio Covid-19 n\u00ba 40,\u00a0de 6\/5\/2020, as concession\u00e1rias e empresas respons\u00e1veis pela presta\u00e7\u00e3o dos servi\u00e7os de transportes coletivos em Minas Gerais devem realizar o controle de embarque e perman\u00eancia dos passageiros, \u201cde modo a impedi-los de iniciar ou prosseguir a viagem sem a utiliza\u00e7\u00e3o correta de m\u00e1scara de prote\u00e7\u00e3o\u201d. A nova regra tamb\u00e9m ser\u00e1 fiscalizada pelas autoridades sanit\u00e1rias e \u00f3rg\u00e3os de Seguran\u00e7a P\u00fablica.<\/p>\n<p>Desde 14\/4, a utiliza\u00e7\u00e3o de m\u00e1scaras j\u00e1 era obrigat\u00f3ria para os funcion\u00e1rios das empresas que operam o transporte coletivo de passageiros, como motoristas e agentes de terminais e esta\u00e7\u00f5es de transfer\u00eancia.<\/p>\n<p><strong>Uso adequado<\/strong><\/p>\n<p>De acordo com recomenda\u00e7\u00f5es da\u00a0Secretaria de Estado da Sa\u00fade (SES-MG), a m\u00e1scara deve ser posicionada no rosto de modo a cobrir toda a regi\u00e3o do queixo, boca e nariz, devendo estar bem ajustada, sem espa\u00e7os frouxos entre ela e a face.\u00a0Deve-se evitar\u00a0tocar ou ajustar a m\u00e1scara enquanto estiver usando ou quando retir\u00e1-la. Se\u00a0for tocada,\u00a0deve-se\u00a0higienizar\u00a0suas m\u00e3os com \u00e1gua e sab\u00e3o ou \u00e1lcool gel 70%.<\/p>\n<p>Vale ressaltar que a utiliza\u00e7\u00e3o das m\u00e1scaras \u00e9 parte das medidas preventivas. Desta forma, a popula\u00e7\u00e3o deve continuar seguindo com as lavagens frequentes das m\u00e3os e das superf\u00edcies, o isolamento social e a redu\u00e7\u00e3o de fluxos, contatos e aglomera\u00e7\u00e3o de pessoas, para a preven\u00e7\u00e3o ao cont\u00e1gio pelo coronav\u00edrus.<\/p>\n<p>&nbsp;<\/p>\n<p><strong>Fonte:\u00a0<\/strong>Ag\u00eancia Minas<\/p>\n","protected":false},"excerpt":{"rendered":"<p>A partir desta quinta-feira (7), passageiros de meios de transportes coletivos intermunicipais e metropolitanos em Minas Gerais devem, obrigatoriamente, usar m\u00e1scaras de prote\u00e7\u00e3o dentro dos \u00f4nibus. Anteriormente, havia apenas a recomenda\u00e7\u00e3o de uso, e, com a nova regra, os motoristas s\u00f3 poder\u00e3o iniciar ou prosseguir viagem se todos estiverem utilizando o item de seguran\u00e7a. \u201cEsta [&hellip;]<\/p>\n","protected":false},"author":96,"featured_media":159831,"comment_status":"closed","ping_status":"closed","sticky":false,"template":"","format":"standard","meta":{"footnotes":""},"categories":[436,252,439],"tags":[],"class_list":["post-159830","post","type-post","status-publish","format-standard","has-post-thumbnail","hentry","category-destaque-da-semana","category-regiao","category-ultima-hora"],"_links":{"self":[{"href":"https:\/\/diarioregionaldigital.com.br\/index.php?rest_route=\/wp\/v2\/posts\/159830","targetHints":{"allow":["GET"]}}],"collection":[{"href":"https:\/\/diarioregionaldigital.com.br\/index.php?rest_route=\/wp\/v2\/posts"}],"about":[{"href":"https:\/\/diarioregionaldigital.com.br\/index.php?rest_route=\/wp\/v2\/types\/post"}],"author":[{"embeddable":true,"href":"https:\/\/diarioregionaldigital.com.br\/index.php?rest_route=\/wp\/v2\/users\/96"}],"replies":[{"embeddable":true,"href":"https:\/\/diarioregionaldigital.com.br\/index.php?rest_route=%2Fwp%2Fv2%2Fcomments&post=159830"}],"version-history":[{"count":0,"href":"https:\/\/diarioregionaldigital.com.br\/index.php?rest_route=\/wp\/v2\/posts\/159830\/revisions"}],"wp:featuredmedia":[{"embeddable":true,"href":"https:\/\/diarioregionaldigital.com.br\/index.php?rest_route=\/wp\/v2\/media\/159831"}],"wp:attachment":[{"href":"https:\/\/diarioregionaldigital.com.br\/index.php?rest_route=%2Fwp%2Fv2%2Fmedia&parent=159830"}],"wp:term":[{"taxonomy":"category","embeddable":true,"href":"https:\/\/diarioregionaldigital.com.br\/index.php?rest_route=%2Fwp%2Fv2%2Fcategories&post=159830"},{"taxonomy":"post_tag","embeddable":true,"href":"https:\/\/diarioregionaldigital.com.br\/index.php?rest_route=%2Fwp%2Fv2%2Ftags&post=159830"}],"curies":[{"name":"wp","href":"https:\/\/api.w.org\/{rel}","templated":true}]}}