{"id":159827,"date":"2020-05-07T11:15:41","date_gmt":"2020-05-07T14:15:41","guid":{"rendered":"https:\/\/diarioregionaldigital.com.br\/?p=159827"},"modified":"2020-05-07T11:16:11","modified_gmt":"2020-05-07T14:16:11","slug":"estado-passa-de-100-mortes-por-coronavirus","status":"publish","type":"post","link":"https:\/\/diarioregionaldigital.com.br\/?p=159827","title":{"rendered":"Estado passa de 100 mortes por Coronav\u00edrus"},"content":{"rendered":"<p>A Secretaria de Estado da Sa\u00fade de Minas Gerais (SES-MG), confirmou aumento para 106 <a href=\"https:\/\/www.saude.mg.gov.br\/images\/noticias_e_eventos\/000_2020\/Boletins_Corona\/Quadro_Obitos_COVID-19_MG_07.05.2020.pdf\">mortes<\/a> decorrentes do Coronav\u00edrus pelo estado. As mortes confirmadas foram em Extrema (idoso de 80 anos), Uberl\u00e2ndia (homem de 53),\u00a0 Toledo (idosa de 83), Bueno Brand\u00e3o (idoso de 70), Belo Horizonte (idosa de 64 e idoso de 69).<\/p>\n<p>Segundo o <a href=\"https:\/\/www.saude.mg.gov.br\/images\/noticias_e_eventos\/000_2020\/Boletins_Corona\/07.05.2020_Boletim_epidemiologico_COVID-19_MG.pdf\">levantamento<\/a>, j\u00e1 s\u00e3o 2.770 casos confirmados e 94.124 s\u00e3o considerados suspeitos.<\/p>\n<p>Os\u00a0dados atualizados\u00a0referentes a \u00f3bitos confirmados em Minas Gerais s\u00e3o: Araguari (1), Arax\u00e1 (1), Barbacena (2), Belmiro Braga (1), Belo Horizonte (25), Belo Vale (1), Betim (1), Bonfim (1), Bueno Brand\u00e3o (1), Capit\u00f3lio (1), Cataguases(1), Centralina (1), Contagem (3), Divin\u00f3polis (1), Espinosa (1), Extrema (3), Governador Valadares (3), Ipia\u00e7u (1), Itabira (1), Juiz de Fora (13), Mariana (1), M\u00e1rio Campos (1), Martinho Campos (1), Montes Claros (2), Morro da Gar\u00e7a (1), Nanuque (1), Nova Serrana (1), Novo Cruzeiro (1), Ouro Fino (1), Paracatu (1), Parais\u00f3polis (2), Patos de Minas (1), Patroc\u00ednio (1), Piumhi (1), Planura (1), Po\u00e7os de Caldas (2), Pouso Alegre (3), Presidente Juscelino (1), Santos Dumont (1), S\u00e3o Francisco (2), S\u00e3o Geraldo da Piedade (1), S\u00e3o Rom\u00e3o (1), S\u00e3o Sebasti\u00e3o do Para\u00edso (1), S\u00e3o Tom\u00e1s de Aquino (1), Toledo (1), Tr\u00eas Pontas (1), Uberaba (4), Uberl\u00e2ndia (9), Varginha (1) e Varzel\u00e2ndia (1).<\/p>\n","protected":false},"excerpt":{"rendered":"<p>A Secretaria de Estado da Sa\u00fade de Minas Gerais (SES-MG), confirmou aumento para 106 mortes decorrentes do Coronav\u00edrus pelo estado. As mortes confirmadas foram em Extrema (idoso de 80 anos), Uberl\u00e2ndia (homem de 53),\u00a0 Toledo (idosa de 83), Bueno Brand\u00e3o (idoso de 70), Belo Horizonte (idosa de 64 e idoso de 69). Segundo o levantamento, [&hellip;]<\/p>\n","protected":false},"author":96,"featured_media":156129,"comment_status":"closed","ping_status":"closed","sticky":false,"template":"","format":"standard","meta":{"footnotes":""},"categories":[436,440,252,439],"tags":[],"class_list":["post-159827","post","type-post","status-publish","format-standard","has-post-thumbnail","hentry","category-destaque-da-semana","category-destaques-do-dia","category-regiao","category-ultima-hora"],"_links":{"self":[{"href":"https:\/\/diarioregionaldigital.com.br\/index.php?rest_route=\/wp\/v2\/posts\/159827","targetHints":{"allow":["GET"]}}],"collection":[{"href":"https:\/\/diarioregionaldigital.com.br\/index.php?rest_route=\/wp\/v2\/posts"}],"about":[{"href":"https:\/\/diarioregionaldigital.com.br\/index.php?rest_route=\/wp\/v2\/types\/post"}],"author":[{"embeddable":true,"href":"https:\/\/diarioregionaldigital.com.br\/index.php?rest_route=\/wp\/v2\/users\/96"}],"replies":[{"embeddable":true,"href":"https:\/\/diarioregionaldigital.com.br\/index.php?rest_route=%2Fwp%2Fv2%2Fcomments&post=159827"}],"version-history":[{"count":0,"href":"https:\/\/diarioregionaldigital.com.br\/index.php?rest_route=\/wp\/v2\/posts\/159827\/revisions"}],"wp:featuredmedia":[{"embeddable":true,"href":"https:\/\/diarioregionaldigital.com.br\/index.php?rest_route=\/wp\/v2\/media\/156129"}],"wp:attachment":[{"href":"https:\/\/diarioregionaldigital.com.br\/index.php?rest_route=%2Fwp%2Fv2%2Fmedia&parent=159827"}],"wp:term":[{"taxonomy":"category","embeddable":true,"href":"https:\/\/diarioregionaldigital.com.br\/index.php?rest_route=%2Fwp%2Fv2%2Fcategories&post=159827"},{"taxonomy":"post_tag","embeddable":true,"href":"https:\/\/diarioregionaldigital.com.br\/index.php?rest_route=%2Fwp%2Fv2%2Ftags&post=159827"}],"curies":[{"name":"wp","href":"https:\/\/api.w.org\/{rel}","templated":true}]}}