{"id":159812,"date":"2020-05-07T06:00:41","date_gmt":"2020-05-07T09:00:41","guid":{"rendered":"https:\/\/diarioregionaldigital.com.br\/?p=159812"},"modified":"2020-05-06T22:38:29","modified_gmt":"2020-05-07T01:38:29","slug":"prefeitura-municipal-de-tocantins-licitacao-no020-07-05-2020","status":"publish","type":"post","link":"https:\/\/diarioregionaldigital.com.br\/?p=159812","title":{"rendered":"Prefeitura Municipal de Tocantins &#8211; Licita\u00e7\u00e3o n\u00ba020 &#8211; 07\/05\/2020"},"content":{"rendered":"<p style=\"text-align: center;\"><strong>PREFEITURA MUNICIPAL DE TOCANTINS\/MG<\/strong><strong>\u00a0<\/strong><\/p>\n<p style=\"text-align: center;\"><strong>AVISO DE LICITA\u00c7\u00c3O<\/strong><\/p>\n<p style=\"text-align: center;\"><strong>Processo Licita\u00e7\u00e3o n\u00b0020\/2020<\/strong><\/p>\n<p style=\"text-align: center;\"><strong>Modalidade de Preg\u00e3o Presencial n\u00b0014\/2020<\/strong><\/p>\n<p style=\"text-align: center;\">O Munic\u00edpio de TOCANTINS-MG, na forma da lei, faz saber a todos os interessados que far\u00e1 licita\u00e7\u00e3o na modalidade de PREG\u00c3O PRESENCIAL pelo sistema de \u00a0REGISTRO DE PRE\u00c7O, MENOR PRE\u00c7O GLOBAL tendo como objeto contrata\u00e7\u00e3o de empresa especializada em servi\u00e7o de VIDRA\u00c7ARIA, \u00a0a fim de \u00a0atender as necessidades de todas as \u00a0Secretarias do \u00a0Munic\u00edpio de Tocantins\/MG, cuja\u00a0<strong>sess\u00e3o p\u00fablica se dar\u00e1 no dia 19\/05\/2020 as 08:00 horas\u00a0<\/strong>na sala da comiss\u00e3o de licita\u00e7\u00e3o, localizada na Av. Padre Mac\u00e1rio, n\u00b0 129, bairro Centro, Munic\u00edpio de TOCANTINS\/MG. O edital completo encontra-se a disposi\u00e7\u00e3o dos interessados no endere\u00e7o citado anteriormente, no hor\u00e1rio de expediente de 08:00 as 11:00 horas e das 13:00 as 16:00 horas. e ou no endere\u00e7o eletr\u00f4nico\u00a0<a href=\"http:\/\/tocantins.mg.gov.br\/\">http:\/\/tocantins.mg.gov.br<\/a>. TOCANTINS\/MG, 05 de maio de 2020<\/p>\n<p style=\"text-align: center;\">_________________________________________<\/p>\n<p style=\"text-align: center;\"><strong>Luiz Fernando Barbosa da Silva<\/strong><\/p>\n<p style=\"text-align: center;\"><strong>\u00a0Pregoeiro<\/strong><\/p>\n","protected":false},"excerpt":{"rendered":"<p>PREFEITURA MUNICIPAL DE TOCANTINS\/MG\u00a0 AVISO DE LICITA\u00c7\u00c3O Processo Licita\u00e7\u00e3o n\u00b0020\/2020 Modalidade de Preg\u00e3o Presencial n\u00b0014\/2020 O Munic\u00edpio de TOCANTINS-MG, na forma da lei, faz saber a todos os interessados que far\u00e1 licita\u00e7\u00e3o na modalidade de PREG\u00c3O PRESENCIAL pelo sistema de \u00a0REGISTRO DE PRE\u00c7O, MENOR PRE\u00c7O GLOBAL tendo como objeto contrata\u00e7\u00e3o de empresa especializada em servi\u00e7o [&hellip;]<\/p>\n","protected":false},"author":96,"featured_media":0,"comment_status":"closed","ping_status":"closed","sticky":false,"template":"","format":"standard","meta":{"footnotes":""},"categories":[307],"tags":[],"class_list":["post-159812","post","type-post","status-publish","format-standard","hentry","category-editais"],"_links":{"self":[{"href":"https:\/\/diarioregionaldigital.com.br\/index.php?rest_route=\/wp\/v2\/posts\/159812","targetHints":{"allow":["GET"]}}],"collection":[{"href":"https:\/\/diarioregionaldigital.com.br\/index.php?rest_route=\/wp\/v2\/posts"}],"about":[{"href":"https:\/\/diarioregionaldigital.com.br\/index.php?rest_route=\/wp\/v2\/types\/post"}],"author":[{"embeddable":true,"href":"https:\/\/diarioregionaldigital.com.br\/index.php?rest_route=\/wp\/v2\/users\/96"}],"replies":[{"embeddable":true,"href":"https:\/\/diarioregionaldigital.com.br\/index.php?rest_route=%2Fwp%2Fv2%2Fcomments&post=159812"}],"version-history":[{"count":0,"href":"https:\/\/diarioregionaldigital.com.br\/index.php?rest_route=\/wp\/v2\/posts\/159812\/revisions"}],"wp:attachment":[{"href":"https:\/\/diarioregionaldigital.com.br\/index.php?rest_route=%2Fwp%2Fv2%2Fmedia&parent=159812"}],"wp:term":[{"taxonomy":"category","embeddable":true,"href":"https:\/\/diarioregionaldigital.com.br\/index.php?rest_route=%2Fwp%2Fv2%2Fcategories&post=159812"},{"taxonomy":"post_tag","embeddable":true,"href":"https:\/\/diarioregionaldigital.com.br\/index.php?rest_route=%2Fwp%2Fv2%2Ftags&post=159812"}],"curies":[{"name":"wp","href":"https:\/\/api.w.org\/{rel}","templated":true}]}}