{"id":159805,"date":"2020-05-07T06:00:28","date_gmt":"2020-05-07T09:00:28","guid":{"rendered":"https:\/\/diarioregionaldigital.com.br\/?p=159805"},"modified":"2020-05-06T22:36:32","modified_gmt":"2020-05-07T01:36:32","slug":"32-anos-de-colunismo-social-2","status":"publish","type":"post","link":"https:\/\/diarioregionaldigital.com.br\/?p=159805","title":{"rendered":"\u201c32 anos de Colunismo Social\u201d"},"content":{"rendered":"<p style=\"text-align: center;\"><span style=\"font-size: 14pt;\"><strong>\u201c32 anos de Colunismo Social\u201d<\/strong><\/span><\/p>\n<p style=\"text-align: center;\">Festas, flasches e glamour movimentaram a cena do t\u00edtular desta p\u00e1gina durante 3 d\u00e9cadas de sucesso. Para festejar buscamos no nosso arquivo pessoal momentos marcantes desta trajet\u00f3ria. Confiram gente que \u00e9 noticia nos lugares refinados de Juiz de Fora.<\/p>\n<div id=\"attachment_159789\" style=\"width: 690px\" class=\"wp-caption aligncenter\"><img loading=\"lazy\" decoding=\"async\" aria-describedby=\"caption-attachment-159789\" class=\"wp-image-159789\" src=\"https:\/\/diarioregionaldigital.com.br\/wp-content\/uploads\/2020\/05\/fotoa-3-e1588813374716.jpg\" alt=\"\" width=\"680\" height=\"512\" srcset=\"https:\/\/diarioregionaldigital.com.br\/wp-content\/uploads\/2020\/05\/fotoa-3-e1588813374716.jpg 1687w, https:\/\/diarioregionaldigital.com.br\/wp-content\/uploads\/2020\/05\/fotoa-3-e1588813374716-300x226.jpg 300w, https:\/\/diarioregionaldigital.com.br\/wp-content\/uploads\/2020\/05\/fotoa-3-e1588813374716-768x578.jpg 768w, https:\/\/diarioregionaldigital.com.br\/wp-content\/uploads\/2020\/05\/fotoa-3-e1588813374716-1024x771.jpg 1024w, https:\/\/diarioregionaldigital.com.br\/wp-content\/uploads\/2020\/05\/fotoa-3-e1588813374716-360x271.jpg 360w\" sizes=\"auto, (max-width: 680px) 100vw, 680px\" \/><p id=\"caption-attachment-159789\" class=\"wp-caption-text\">A odont\u00f3loga Valeria Cruz com Eduardo Gomes no Trade Hotel<\/p><\/div>\n<div id=\"attachment_159790\" style=\"width: 690px\" class=\"wp-caption aligncenter\"><img loading=\"lazy\" decoding=\"async\" aria-describedby=\"caption-attachment-159790\" class=\"wp-image-159790\" src=\"https:\/\/diarioregionaldigital.com.br\/wp-content\/uploads\/2020\/05\/fotob-3-e1588813411906.jpg\" alt=\"\" width=\"680\" height=\"495\" srcset=\"https:\/\/diarioregionaldigital.com.br\/wp-content\/uploads\/2020\/05\/fotob-3-e1588813411906.jpg 1715w, https:\/\/diarioregionaldigital.com.br\/wp-content\/uploads\/2020\/05\/fotob-3-e1588813411906-300x218.jpg 300w, https:\/\/diarioregionaldigital.com.br\/wp-content\/uploads\/2020\/05\/fotob-3-e1588813411906-768x559.jpg 768w, https:\/\/diarioregionaldigital.com.br\/wp-content\/uploads\/2020\/05\/fotob-3-e1588813411906-1024x746.jpg 1024w, https:\/\/diarioregionaldigital.com.br\/wp-content\/uploads\/2020\/05\/fotob-3-e1588813411906-360x262.jpg 360w\" sizes=\"auto, (max-width: 680px) 100vw, 680px\" \/><p id=\"caption-attachment-159790\" class=\"wp-caption-text\">Eduardo Gomes sendo festejado pela cantora Sandra Portella, no Spazio Design<\/p><\/div>\n<div id=\"attachment_159791\" style=\"width: 690px\" class=\"wp-caption aligncenter\"><img loading=\"lazy\" decoding=\"async\" aria-describedby=\"caption-attachment-159791\" class=\"wp-image-159791\" src=\"https:\/\/diarioregionaldigital.com.br\/wp-content\/uploads\/2020\/05\/fotoc-3-e1588813513940.jpg\" alt=\"\" width=\"680\" height=\"496\" srcset=\"https:\/\/diarioregionaldigital.com.br\/wp-content\/uploads\/2020\/05\/fotoc-3-e1588813513940.jpg 1618w, https:\/\/diarioregionaldigital.com.br\/wp-content\/uploads\/2020\/05\/fotoc-3-e1588813513940-300x219.jpg 300w, https:\/\/diarioregionaldigital.com.br\/wp-content\/uploads\/2020\/05\/fotoc-3-e1588813513940-768x560.jpg 768w, https:\/\/diarioregionaldigital.com.br\/wp-content\/uploads\/2020\/05\/fotoc-3-e1588813513940-1024x746.jpg 1024w, https:\/\/diarioregionaldigital.com.br\/wp-content\/uploads\/2020\/05\/fotoc-3-e1588813513940-360x262.jpg 360w\" sizes=\"auto, (max-width: 680px) 100vw, 680px\" \/><p id=\"caption-attachment-159791\" class=\"wp-caption-text\">Prestigiando Eduardo Gomes no Trade Hotel, a empres\u00e1ria Carla Abreu Costa<\/p><\/div>\n<div id=\"attachment_159792\" style=\"width: 690px\" class=\"wp-caption aligncenter\"><img loading=\"lazy\" decoding=\"async\" aria-describedby=\"caption-attachment-159792\" class=\"wp-image-159792\" src=\"https:\/\/diarioregionaldigital.com.br\/wp-content\/uploads\/2020\/05\/fotod-3-e1588813549406.jpg\" alt=\"\" width=\"680\" height=\"504\" srcset=\"https:\/\/diarioregionaldigital.com.br\/wp-content\/uploads\/2020\/05\/fotod-3-e1588813549406.jpg 1619w, https:\/\/diarioregionaldigital.com.br\/wp-content\/uploads\/2020\/05\/fotod-3-e1588813549406-300x223.jpg 300w, https:\/\/diarioregionaldigital.com.br\/wp-content\/uploads\/2020\/05\/fotod-3-e1588813549406-768x570.jpg 768w, https:\/\/diarioregionaldigital.com.br\/wp-content\/uploads\/2020\/05\/fotod-3-e1588813549406-1024x760.jpg 1024w, https:\/\/diarioregionaldigital.com.br\/wp-content\/uploads\/2020\/05\/fotod-3-e1588813549406-360x267.jpg 360w\" sizes=\"auto, (max-width: 680px) 100vw, 680px\" \/><p id=\"caption-attachment-159792\" class=\"wp-caption-text\">Presen\u00e7as queridas no Mr. Tugas, Rose Oliveira e Anderson Ferreira<\/p><\/div>\n<div id=\"attachment_159793\" style=\"width: 690px\" class=\"wp-caption aligncenter\"><img loading=\"lazy\" decoding=\"async\" aria-describedby=\"caption-attachment-159793\" class=\"wp-image-159793\" src=\"https:\/\/diarioregionaldigital.com.br\/wp-content\/uploads\/2020\/05\/fotoe-3.jpg\" alt=\"\" width=\"680\" height=\"454\" srcset=\"https:\/\/diarioregionaldigital.com.br\/wp-content\/uploads\/2020\/05\/fotoe-3.jpg 2528w, https:\/\/diarioregionaldigital.com.br\/wp-content\/uploads\/2020\/05\/fotoe-3-300x200.jpg 300w, https:\/\/diarioregionaldigital.com.br\/wp-content\/uploads\/2020\/05\/fotoe-3-768x513.jpg 768w, https:\/\/diarioregionaldigital.com.br\/wp-content\/uploads\/2020\/05\/fotoe-3-1024x684.jpg 1024w, https:\/\/diarioregionaldigital.com.br\/wp-content\/uploads\/2020\/05\/fotoe-3-360x240.jpg 360w\" sizes=\"auto, (max-width: 680px) 100vw, 680px\" \/><p id=\"caption-attachment-159793\" class=\"wp-caption-text\">Casal lindo que sempre enfeita esta coluna, Luna Petermann e Carlos Eduardo Meneguiti<\/p><\/div>\n<div id=\"attachment_159794\" style=\"width: 690px\" class=\"wp-caption aligncenter\"><img loading=\"lazy\" decoding=\"async\" aria-describedby=\"caption-attachment-159794\" class=\"wp-image-159794\" src=\"https:\/\/diarioregionaldigital.com.br\/wp-content\/uploads\/2020\/05\/fotof-3.jpg\" alt=\"\" width=\"680\" height=\"439\" srcset=\"https:\/\/diarioregionaldigital.com.br\/wp-content\/uploads\/2020\/05\/fotof-3.jpg 2640w, https:\/\/diarioregionaldigital.com.br\/wp-content\/uploads\/2020\/05\/fotof-3-300x194.jpg 300w, https:\/\/diarioregionaldigital.com.br\/wp-content\/uploads\/2020\/05\/fotof-3-768x496.jpg 768w, https:\/\/diarioregionaldigital.com.br\/wp-content\/uploads\/2020\/05\/fotof-3-1024x661.jpg 1024w, https:\/\/diarioregionaldigital.com.br\/wp-content\/uploads\/2020\/05\/fotof-3-360x232.jpg 360w\" sizes=\"auto, (max-width: 680px) 100vw, 680px\" \/><p id=\"caption-attachment-159794\" class=\"wp-caption-text\">No Trade Hotel, Eduardo Gomes com os amigos, Rachel e M\u00e1rcio Alves<\/p><\/div>\n<div id=\"attachment_159795\" style=\"width: 690px\" class=\"wp-caption aligncenter\"><img loading=\"lazy\" decoding=\"async\" aria-describedby=\"caption-attachment-159795\" class=\"wp-image-159795\" src=\"https:\/\/diarioregionaldigital.com.br\/wp-content\/uploads\/2020\/05\/fotog-3-e1588813613815.jpg\" alt=\"\" width=\"680\" height=\"495\" srcset=\"https:\/\/diarioregionaldigital.com.br\/wp-content\/uploads\/2020\/05\/fotog-3-e1588813613815.jpg 1624w, https:\/\/diarioregionaldigital.com.br\/wp-content\/uploads\/2020\/05\/fotog-3-e1588813613815-300x218.jpg 300w, https:\/\/diarioregionaldigital.com.br\/wp-content\/uploads\/2020\/05\/fotog-3-e1588813613815-768x559.jpg 768w, https:\/\/diarioregionaldigital.com.br\/wp-content\/uploads\/2020\/05\/fotog-3-e1588813613815-1024x745.jpg 1024w, https:\/\/diarioregionaldigital.com.br\/wp-content\/uploads\/2020\/05\/fotog-3-e1588813613815-360x262.jpg 360w\" sizes=\"auto, (max-width: 680px) 100vw, 680px\" \/><p id=\"caption-attachment-159795\" class=\"wp-caption-text\">Amigos para sempre no Poleiro do Galo Eduardo Gomes e Lucy Hargreaves<\/p><\/div>\n<div id=\"attachment_159796\" style=\"width: 690px\" class=\"wp-caption aligncenter\"><img loading=\"lazy\" decoding=\"async\" aria-describedby=\"caption-attachment-159796\" class=\"wp-image-159796\" src=\"https:\/\/diarioregionaldigital.com.br\/wp-content\/uploads\/2020\/05\/fotoh-3-e1588814475145.jpg\" alt=\"\" width=\"680\" height=\"516\" srcset=\"https:\/\/diarioregionaldigital.com.br\/wp-content\/uploads\/2020\/05\/fotoh-3-e1588814475145.jpg 1624w, https:\/\/diarioregionaldigital.com.br\/wp-content\/uploads\/2020\/05\/fotoh-3-e1588814475145-300x228.jpg 300w, https:\/\/diarioregionaldigital.com.br\/wp-content\/uploads\/2020\/05\/fotoh-3-e1588814475145-768x583.jpg 768w, https:\/\/diarioregionaldigital.com.br\/wp-content\/uploads\/2020\/05\/fotoh-3-e1588814475145-1024x777.jpg 1024w, https:\/\/diarioregionaldigital.com.br\/wp-content\/uploads\/2020\/05\/fotoh-3-e1588814475145-360x273.jpg 360w\" sizes=\"auto, (max-width: 680px) 100vw, 680px\" \/><p id=\"caption-attachment-159796\" class=\"wp-caption-text\">No Constantino Hotel, Neuza Marsicano e Eduardo Gomes<\/p><\/div>\n<div id=\"attachment_159797\" style=\"width: 690px\" class=\"wp-caption aligncenter\"><img loading=\"lazy\" decoding=\"async\" aria-describedby=\"caption-attachment-159797\" class=\"wp-image-159797\" src=\"https:\/\/diarioregionaldigital.com.br\/wp-content\/uploads\/2020\/05\/fotoi-2.jpg\" alt=\"\" width=\"680\" height=\"447\" srcset=\"https:\/\/diarioregionaldigital.com.br\/wp-content\/uploads\/2020\/05\/fotoi-2.jpg 2640w, https:\/\/diarioregionaldigital.com.br\/wp-content\/uploads\/2020\/05\/fotoi-2-300x197.jpg 300w, https:\/\/diarioregionaldigital.com.br\/wp-content\/uploads\/2020\/05\/fotoi-2-768x505.jpg 768w, https:\/\/diarioregionaldigital.com.br\/wp-content\/uploads\/2020\/05\/fotoi-2-1024x673.jpg 1024w, https:\/\/diarioregionaldigital.com.br\/wp-content\/uploads\/2020\/05\/fotoi-2-360x237.jpg 360w\" sizes=\"auto, (max-width: 680px) 100vw, 680px\" \/><p id=\"caption-attachment-159797\" class=\"wp-caption-text\">Momento \u00fanico no Bistr\u00f4 Quatro Esta\u00e7\u00f5es Eduardo Gomes e Myrliane Le\u00e3o<\/p><\/div>\n<div id=\"attachment_159798\" style=\"width: 690px\" class=\"wp-caption aligncenter\"><img loading=\"lazy\" decoding=\"async\" aria-describedby=\"caption-attachment-159798\" class=\"wp-image-159798\" src=\"https:\/\/diarioregionaldigital.com.br\/wp-content\/uploads\/2020\/05\/fotoj-2-e1588814528659.jpg\" alt=\"\" width=\"680\" height=\"524\" srcset=\"https:\/\/diarioregionaldigital.com.br\/wp-content\/uploads\/2020\/05\/fotoj-2-e1588814528659.jpg 1740w, https:\/\/diarioregionaldigital.com.br\/wp-content\/uploads\/2020\/05\/fotoj-2-e1588814528659-300x231.jpg 300w, https:\/\/diarioregionaldigital.com.br\/wp-content\/uploads\/2020\/05\/fotoj-2-e1588814528659-768x592.jpg 768w, https:\/\/diarioregionaldigital.com.br\/wp-content\/uploads\/2020\/05\/fotoj-2-e1588814528659-1024x789.jpg 1024w, https:\/\/diarioregionaldigital.com.br\/wp-content\/uploads\/2020\/05\/fotoj-2-e1588814528659-360x277.jpg 360w\" sizes=\"auto, (max-width: 680px) 100vw, 680px\" \/><p id=\"caption-attachment-159798\" class=\"wp-caption-text\">Estrelas no Restaurante Pal\u00e1cio: Patr\u00edcia Caniato Ma\u00edra Delgado, Erika Beire<\/p><\/div>\n<div id=\"attachment_159799\" style=\"width: 690px\" class=\"wp-caption aligncenter\"><img loading=\"lazy\" decoding=\"async\" aria-describedby=\"caption-attachment-159799\" class=\"wp-image-159799\" src=\"https:\/\/diarioregionaldigital.com.br\/wp-content\/uploads\/2020\/05\/fotol-2-e1588814560789.jpg\" alt=\"\" width=\"680\" height=\"515\" srcset=\"https:\/\/diarioregionaldigital.com.br\/wp-content\/uploads\/2020\/05\/fotol-2-e1588814560789.jpg 1774w, https:\/\/diarioregionaldigital.com.br\/wp-content\/uploads\/2020\/05\/fotol-2-e1588814560789-300x227.jpg 300w, https:\/\/diarioregionaldigital.com.br\/wp-content\/uploads\/2020\/05\/fotol-2-e1588814560789-768x581.jpg 768w, https:\/\/diarioregionaldigital.com.br\/wp-content\/uploads\/2020\/05\/fotol-2-e1588814560789-1024x775.jpg 1024w, https:\/\/diarioregionaldigital.com.br\/wp-content\/uploads\/2020\/05\/fotol-2-e1588814560789-360x273.jpg 360w\" sizes=\"auto, (max-width: 680px) 100vw, 680px\" \/><p id=\"caption-attachment-159799\" class=\"wp-caption-text\">Casal destaque desta coluna, Felipe Nogueira e D\u00e9bora Gonzales<\/p><\/div>\n<div id=\"attachment_159803\" style=\"width: 690px\" class=\"wp-caption aligncenter\"><img loading=\"lazy\" decoding=\"async\" aria-describedby=\"caption-attachment-159803\" class=\"wp-image-159803\" src=\"https:\/\/diarioregionaldigital.com.br\/wp-content\/uploads\/2020\/05\/fotoo-1.jpg\" alt=\"\" width=\"680\" height=\"451\" srcset=\"https:\/\/diarioregionaldigital.com.br\/wp-content\/uploads\/2020\/05\/fotoo-1.jpg 2688w, https:\/\/diarioregionaldigital.com.br\/wp-content\/uploads\/2020\/05\/fotoo-1-300x199.jpg 300w, https:\/\/diarioregionaldigital.com.br\/wp-content\/uploads\/2020\/05\/fotoo-1-768x510.jpg 768w, https:\/\/diarioregionaldigital.com.br\/wp-content\/uploads\/2020\/05\/fotoo-1-1024x680.jpg 1024w, https:\/\/diarioregionaldigital.com.br\/wp-content\/uploads\/2020\/05\/fotoo-1-360x239.jpg 360w\" sizes=\"auto, (max-width: 680px) 100vw, 680px\" \/><p id=\"caption-attachment-159803\" class=\"wp-caption-text\">No Ritz Hotel: Rodrigo Machado e Eduardo Gomes<\/p><\/div>\n<div id=\"attachment_159802\" style=\"width: 690px\" class=\"wp-caption aligncenter\"><img loading=\"lazy\" decoding=\"async\" aria-describedby=\"caption-attachment-159802\" class=\"wp-image-159802\" src=\"https:\/\/diarioregionaldigital.com.br\/wp-content\/uploads\/2020\/05\/foton-2.jpg\" alt=\"\" width=\"680\" height=\"453\" srcset=\"https:\/\/diarioregionaldigital.com.br\/wp-content\/uploads\/2020\/05\/foton-2.jpg 2704w, https:\/\/diarioregionaldigital.com.br\/wp-content\/uploads\/2020\/05\/foton-2-300x200.jpg 300w, https:\/\/diarioregionaldigital.com.br\/wp-content\/uploads\/2020\/05\/foton-2-768x511.jpg 768w, https:\/\/diarioregionaldigital.com.br\/wp-content\/uploads\/2020\/05\/foton-2-1024x682.jpg 1024w, https:\/\/diarioregionaldigital.com.br\/wp-content\/uploads\/2020\/05\/foton-2-360x240.jpg 360w\" sizes=\"auto, (max-width: 680px) 100vw, 680px\" \/><p id=\"caption-attachment-159802\" class=\"wp-caption-text\">Destaques desta coluna no Terrazzo: Jos\u00e9 Geraldo, Fabinho Esteves, Roberto C\u00e2ndido (Boizinho), Dida Sirimarco e Nelson J\u00fanior<\/p><\/div>\n<div id=\"attachment_159800\" style=\"width: 690px\" class=\"wp-caption aligncenter\"><img loading=\"lazy\" decoding=\"async\" aria-describedby=\"caption-attachment-159800\" class=\"wp-image-159800\" src=\"https:\/\/diarioregionaldigital.com.br\/wp-content\/uploads\/2020\/05\/fotom-2.jpg\" alt=\"\" width=\"680\" height=\"449\" srcset=\"https:\/\/diarioregionaldigital.com.br\/wp-content\/uploads\/2020\/05\/fotom-2.jpg 2752w, https:\/\/diarioregionaldigital.com.br\/wp-content\/uploads\/2020\/05\/fotom-2-300x198.jpg 300w, https:\/\/diarioregionaldigital.com.br\/wp-content\/uploads\/2020\/05\/fotom-2-768x507.jpg 768w, https:\/\/diarioregionaldigital.com.br\/wp-content\/uploads\/2020\/05\/fotom-2-1024x676.jpg 1024w, https:\/\/diarioregionaldigital.com.br\/wp-content\/uploads\/2020\/05\/fotom-2-1440x950.jpg 1440w, https:\/\/diarioregionaldigital.com.br\/wp-content\/uploads\/2020\/05\/fotom-2-360x238.jpg 360w\" sizes=\"auto, (max-width: 680px) 100vw, 680px\" \/><p id=\"caption-attachment-159800\" class=\"wp-caption-text\">Amigos desta coluna social com Eduardo Gomes, Fabiano Garcia, Luciane Lopes, Carlos Barbosa e Dani Verpel<\/p><\/div>\n<p><img loading=\"lazy\" decoding=\"async\" class=\"aligncenter size-full wp-image-159806\" src=\"https:\/\/diarioregionaldigital.com.br\/wp-content\/uploads\/2020\/05\/anuncio45.jpg\" alt=\"\" width=\"3492\" height=\"1356\" srcset=\"https:\/\/diarioregionaldigital.com.br\/wp-content\/uploads\/2020\/05\/anuncio45.jpg 3492w, https:\/\/diarioregionaldigital.com.br\/wp-content\/uploads\/2020\/05\/anuncio45-300x116.jpg 300w, https:\/\/diarioregionaldigital.com.br\/wp-content\/uploads\/2020\/05\/anuncio45-768x298.jpg 768w, https:\/\/diarioregionaldigital.com.br\/wp-content\/uploads\/2020\/05\/anuncio45-1024x398.jpg 1024w, https:\/\/diarioregionaldigital.com.br\/wp-content\/uploads\/2020\/05\/anuncio45-360x140.jpg 360w\" sizes=\"auto, (max-width: 3492px) 100vw, 3492px\" \/><\/p>\n","protected":false},"excerpt":{"rendered":"<p>\u201c32 anos de Colunismo Social\u201d Festas, flasches e glamour movimentaram a cena do t\u00edtular desta p\u00e1gina durante 3 d\u00e9cadas de sucesso. Para festejar buscamos no nosso arquivo pessoal momentos marcantes desta trajet\u00f3ria. Confiram gente que \u00e9 noticia nos lugares refinados de Juiz de Fora.<\/p>\n","protected":false},"author":96,"featured_media":159789,"comment_status":"closed","ping_status":"closed","sticky":false,"template":"","format":"standard","meta":{"footnotes":""},"categories":[264],"tags":[],"class_list":["post-159805","post","type-post","status-publish","format-standard","has-post-thumbnail","hentry","category-eduardo-gomes"],"_links":{"self":[{"href":"https:\/\/diarioregionaldigital.com.br\/index.php?rest_route=\/wp\/v2\/posts\/159805","targetHints":{"allow":["GET"]}}],"collection":[{"href":"https:\/\/diarioregionaldigital.com.br\/index.php?rest_route=\/wp\/v2\/posts"}],"about":[{"href":"https:\/\/diarioregionaldigital.com.br\/index.php?rest_route=\/wp\/v2\/types\/post"}],"author":[{"embeddable":true,"href":"https:\/\/diarioregionaldigital.com.br\/index.php?rest_route=\/wp\/v2\/users\/96"}],"replies":[{"embeddable":true,"href":"https:\/\/diarioregionaldigital.com.br\/index.php?rest_route=%2Fwp%2Fv2%2Fcomments&post=159805"}],"version-history":[{"count":0,"href":"https:\/\/diarioregionaldigital.com.br\/index.php?rest_route=\/wp\/v2\/posts\/159805\/revisions"}],"wp:featuredmedia":[{"embeddable":true,"href":"https:\/\/diarioregionaldigital.com.br\/index.php?rest_route=\/wp\/v2\/media\/159789"}],"wp:attachment":[{"href":"https:\/\/diarioregionaldigital.com.br\/index.php?rest_route=%2Fwp%2Fv2%2Fmedia&parent=159805"}],"wp:term":[{"taxonomy":"category","embeddable":true,"href":"https:\/\/diarioregionaldigital.com.br\/index.php?rest_route=%2Fwp%2Fv2%2Fcategories&post=159805"},{"taxonomy":"post_tag","embeddable":true,"href":"https:\/\/diarioregionaldigital.com.br\/index.php?rest_route=%2Fwp%2Fv2%2Ftags&post=159805"}],"curies":[{"name":"wp","href":"https:\/\/api.w.org\/{rel}","templated":true}]}}