{"id":159801,"date":"2020-05-06T21:03:37","date_gmt":"2020-05-07T00:03:37","guid":{"rendered":"https:\/\/diarioregionaldigital.com.br\/?p=159801"},"modified":"2020-05-06T21:03:37","modified_gmt":"2020-05-07T00:03:37","slug":"covid-19-pais-bate-recorde-de-mortes-e-casos-confirmados-notificados","status":"publish","type":"post","link":"https:\/\/diarioregionaldigital.com.br\/?p=159801","title":{"rendered":"Covid-19: pa\u00eds bate recorde de mortes e casos confirmados notificados"},"content":{"rendered":"<p>O Brasil bateu o recorde de mortes e casos confirmados notificados em 24h. Entre ontem e hoje, foram registrados mais 10.503 pessoas infectadas e 615 novos \u00f3bitos por covid-19. O n\u00famero de pacientes recuperados \u00e9 de 51.370. A atualiza\u00e7\u00e3o foi divulgada pelo Minist\u00e9rio da Sa\u00fade nesta quarta-feira (6).<\/p>\n<p>No total, o pa\u00eds chegou a 125.218 casos confirmados de covid-19, um aumento de 9% em rela\u00e7\u00e3o a ontem, quando foram registradas 114.715 mil pessoas nessa condi\u00e7\u00e3o.\u00a0De acordo com o Minist\u00e9rio da Sa\u00fade, deste total, 65.312 est\u00e3o em acompanhamento (52,2%%) e 51.370 (41%) j\u00e1 foram recuperados, deixando de apresentar os sintomas da doen\u00e7a. Ainda s\u00e3o investigadas 1.643 mortes.<\/p>\n<p>O total de mortes subiu para 8.536. A marca representou um acr\u00e9scimo de 9% em rela\u00e7\u00e3o a ontem, quando foram contabilizados 7.921 falecimentos. A letalidade \u00e9 de\u00a06,8%.<\/p>\n<p>O secret\u00e1rio de Vigil\u00e2ncia em Sa\u00fade, Wanderson de Oliveira, voltou a destacar que o n\u00famero de mortes abarca aquelas atualizadas, podendo se referir a falecimentos que ocorreram em outros dias.<\/p>\n<p>\u201cN\u00e3o estamos falando que os 615 ocorreram de ontem pra hoje. O que tivemos \u00e9 uma atualiza\u00e7\u00e3o das 615 pessoas em investiga\u00e7\u00e3o\u201d, disse o secret\u00e1rio.<\/p>\n<p>S\u00e3o Paulo se mant\u00e9m como epicentro da pandemia no pa\u00eds, concentrando o maior n\u00famero de falecimentos (3.045). O estado \u00e9 seguido pelo Rio de Janeiro (1.205), Cear\u00e1 (848), Pernambuco (803) e Amazonas (751).<\/p>\n<p>Al\u00e9m disso, foram registradas mortes por covid-19 no Par\u00e1 (392), Maranh\u00e3o (291), Bahia (160), Paran\u00e1 (101), Esp\u00edrito Santo (145), Minas Gerais (97), Para\u00edba (92), Rio Grande do Sul (97), Alagoas (89), Rio Grande do Norte (72), Santa Catarina (59), Amap\u00e1 (56), Goi\u00e1s (45), Distrito Federal (34), Acre (33), Piau\u00ed (30), Sergipe (23), Rond\u00f4nia (33), Mato Grosso (13), Roraima (13), Mato Grosso do Sul (10), e Tocantins (9).<\/p>\n","protected":false},"excerpt":{"rendered":"<p>O Brasil bateu o recorde de mortes e casos confirmados notificados em 24h. Entre ontem e hoje, foram registrados mais 10.503 pessoas infectadas e 615 novos \u00f3bitos por covid-19. O n\u00famero de pacientes recuperados \u00e9 de 51.370. A atualiza\u00e7\u00e3o foi divulgada pelo Minist\u00e9rio da Sa\u00fade nesta quarta-feira (6). No total, o pa\u00eds chegou a 125.218 [&hellip;]<\/p>\n","protected":false},"author":96,"featured_media":159282,"comment_status":"closed","ping_status":"closed","sticky":false,"template":"","format":"standard","meta":{"footnotes":""},"categories":[302,436,440,439],"tags":[],"class_list":["post-159801","post","type-post","status-publish","format-standard","has-post-thumbnail","hentry","category-brasil-mundo","category-destaque-da-semana","category-destaques-do-dia","category-ultima-hora"],"_links":{"self":[{"href":"https:\/\/diarioregionaldigital.com.br\/index.php?rest_route=\/wp\/v2\/posts\/159801","targetHints":{"allow":["GET"]}}],"collection":[{"href":"https:\/\/diarioregionaldigital.com.br\/index.php?rest_route=\/wp\/v2\/posts"}],"about":[{"href":"https:\/\/diarioregionaldigital.com.br\/index.php?rest_route=\/wp\/v2\/types\/post"}],"author":[{"embeddable":true,"href":"https:\/\/diarioregionaldigital.com.br\/index.php?rest_route=\/wp\/v2\/users\/96"}],"replies":[{"embeddable":true,"href":"https:\/\/diarioregionaldigital.com.br\/index.php?rest_route=%2Fwp%2Fv2%2Fcomments&post=159801"}],"version-history":[{"count":0,"href":"https:\/\/diarioregionaldigital.com.br\/index.php?rest_route=\/wp\/v2\/posts\/159801\/revisions"}],"wp:featuredmedia":[{"embeddable":true,"href":"https:\/\/diarioregionaldigital.com.br\/index.php?rest_route=\/wp\/v2\/media\/159282"}],"wp:attachment":[{"href":"https:\/\/diarioregionaldigital.com.br\/index.php?rest_route=%2Fwp%2Fv2%2Fmedia&parent=159801"}],"wp:term":[{"taxonomy":"category","embeddable":true,"href":"https:\/\/diarioregionaldigital.com.br\/index.php?rest_route=%2Fwp%2Fv2%2Fcategories&post=159801"},{"taxonomy":"post_tag","embeddable":true,"href":"https:\/\/diarioregionaldigital.com.br\/index.php?rest_route=%2Fwp%2Fv2%2Ftags&post=159801"}],"curies":[{"name":"wp","href":"https:\/\/api.w.org\/{rel}","templated":true}]}}