{"id":159785,"date":"2020-05-06T18:33:48","date_gmt":"2020-05-06T21:33:48","guid":{"rendered":"https:\/\/diarioregionaldigital.com.br\/?p=159785"},"modified":"2020-05-06T18:33:48","modified_gmt":"2020-05-06T21:33:48","slug":"testes-feitos-na-ufjf-serao-utilizados-na-investigacao-epidemiologica-de-covid-19","status":"publish","type":"post","link":"https:\/\/diarioregionaldigital.com.br\/?p=159785","title":{"rendered":"Testes feitos na UFJF ser\u00e3o utilizados na investiga\u00e7\u00e3o epidemiol\u00f3gica de Covid-19"},"content":{"rendered":"<p>Conforme Nota T\u00e9cnica ao Protocolo de Infec\u00e7\u00e3o Humana pelo SARS-COV-2 divulgada na \u00faltima segunda-feira (4), pelo Centro de Opera\u00e7\u00f5es de Emerg\u00eancia em Sa\u00fade (COES), os laudos dos testes de Rea\u00e7\u00e3o em Cadeia da Polimerase (PCR) realizados e emitidos pela UFJF poder\u00e3o ser utilizados para efetuar o fechamento da investiga\u00e7\u00e3o epidemiol\u00f3gica de Covid-19. Essa atualiza\u00e7\u00e3o dispensa a realiza\u00e7\u00e3o de an\u00e1lises adicionais e confirma\u00e7\u00e3o pelo Laborat\u00f3rio Central de Sa\u00fade P\u00fablica de Minas Gerais (LACENMG\/FUNED). Com essa mudan\u00e7a, os resultados obtidos pelos testes realizados no campus ser\u00e3o contabilizados e entrar\u00e3o para as estat\u00edsticas do estado. A atualiza\u00e7\u00e3o tem como objetivo mudar o quadro de subnotifica\u00e7\u00e3o da doen\u00e7a no munic\u00edpio.<\/p>\n<p>&nbsp;<\/p>\n<p><strong>Testes para Covid-19 realizados na UFJF<\/strong><\/p>\n<p>Desde 17 de abril, a UFJF, em parceria com a Prefeitura de Juiz de Fora, recebe amostras para realizar testes para o diagn\u00f3stico de Covid-19. S\u00e3o dois laborat\u00f3rios, localizados no campus qualificados para efetuar os exames, um no Instituto de Ci\u00eancias Biol\u00f3gicas e outro na Faculdade de Farm\u00e1cia. Somada, a capacidade de ambos \u00e9 de cem testes di\u00e1rios, com o resultado dispon\u00edvel em at\u00e9 48 horas ap\u00f3s o recebimento das amostras dos pacientes. Os laborat\u00f3rios passaram por uma inspe\u00e7\u00e3o da Vigil\u00e2ncia Sanit\u00e1ria e foram devidamente credenciados, recebendo alvar\u00e1 para o funcionamento e efetiva\u00e7\u00e3o dos testes.<\/p>\n<p>Com a atualiza\u00e7\u00e3o trazida pela Nota T\u00e9cnica, a divulga\u00e7\u00e3o de dados e a investiga\u00e7\u00e3o epidemiol\u00f3gica da Covid-19 ser\u00e3o otimizadas. \u201cOs exames trazem dados em tempo real. Uma vez que n\u00e3o s\u00e3o enviados para Belo Horizonte, esses dados s\u00e3o computados de forma mais r\u00e1pida\u201d, afirma Sandra Tibiri\u00e7\u00e1, professora da Faculdade de Medicina da UFJF. \u201cAntes os resultados obtidos nos laborat\u00f3rios da UFJF e em laborat\u00f3rios privados eram contabilizados s\u00f3 para os dados do munic\u00edpio. Com a Nota T\u00e9cnica ser\u00e3o contabilizados tamb\u00e9m para o estado.\u201d<\/p>\n<p>De acordo com a professora, os exames PCR realizados pela UFJF ser\u00e3o coletados em pacientes sintom\u00e1ticos entre o terceiro e d\u00e9cimo dias de sintomas, seguindo crit\u00e9rios t\u00e9cnico-cient\u00edficos. \u201cA popula\u00e7\u00e3o alvo s\u00e3o profissionais de sa\u00fade que atendem no SUS do munic\u00edpio de Juiz de Fora, pacientes\u00a0 internados em\u00a0 institui\u00e7\u00f5es municipais e naquelas com leitos Covid-19 pactuados\u201d, esclarece Sandra. Tamb\u00e9m fazem parte do grupo-alvo pacientes sintom\u00e1ticos da Aten\u00e7\u00e3o Prim\u00e1ria \u00e0 Sa\u00fade (APS), que foram atendidos nas Unidades B\u00e1sicas de Sa\u00fade (UBSs) e fazem parte do\u00a0 grupo de vulner\u00e1veis, conforme crit\u00e9rios preestabelecidos e avalia\u00e7\u00e3o da equipe da Estrat\u00e9gia de Sa\u00fade da Fam\u00edlia.<\/p>\n<p>&nbsp;<\/p>\n<p><strong>Coleta residencial de pacientes sintom\u00e1ticos<\/strong><\/p>\n<p>Nessa quarta-feira (6), tr\u00eas equipes, reunindo professores e alunos da Faculdade de Enfermagem, uma enfermeira do Hospital Universit\u00e1rio e funcion\u00e1rios da Prefeitura, foram formadas para a coleta de amostras para exame dos casos suspeitos de coronav\u00edrus no munic\u00edpio. A cidade foi dividida em quatro \u00e1reas e cada uma das equipes \u00e9 respons\u00e1vel por uma das \u00e1reas. Inicialmente ser\u00e3o analisados os casos sintom\u00e1ticos de profissionais de sa\u00fade, idosos acima de 65 anos e portadores de doen\u00e7as cr\u00f4nicas. \u201cVamos at\u00e9 os domic\u00edlios, coletamos o exame e depois levamos para o laborat\u00f3rio da Universidade para fazer as an\u00e1lises. As UBSs enviam a notifica\u00e7\u00e3o para a Prefeitura e ent\u00e3o os casos s\u00e3o encaminhados para a nossa equipe e, a partir disso, tra\u00e7amos a nossa rota. Montamos na Faculdade de Enfermagem uma estrutura de apoio para preparo e limpeza de material, paramenta\u00e7\u00e3o e desparamenta\u00e7\u00e3o\u201d, esclarece \u00c9rika Andrade, professora da Faculdade de Enfermagem da UFJF. Os resultados dos testes ser\u00e3o encaminhados para o paciente pelo servi\u00e7o de vigil\u00e2ncia epidemiol\u00f3gica do munic\u00edpio.<\/p>\n<p>Os pacientes passam por consultas na Aten\u00e7\u00e3o Prim\u00e1ria e aqueles que se enquadrarem nos crit\u00e9rios utilizados \u2013 entre o 3\u00ba e 10\u00ba dia de in\u00edcio dos sintomas \u2013 s\u00e3o selecionados e ent\u00e3o os dados s\u00e3o enviados para a equipe de coleta. Em parceria com a Prefeitura, \u201ca UFJF ofereceu tr\u00eas equipes de coleta, transporte, capacita\u00e7\u00e3o t\u00e9cnica e parte dos equipamentos de prote\u00e7\u00e3o individual (EPI)\u201d, aponta Sandra Tibiri\u00e7\u00e1.<\/p>\n<p>A coleta residencial \u00e9 uma das ferramentas para a manuten\u00e7\u00e3o do isolamento social. De acordo com estudo do Programa de P\u00f3s-Gradua\u00e7\u00e3o em Modelagem Computacional da UFJF, Juiz de Fora precisa aumentar em 50% o isolamento social para auxiliar na preven\u00e7\u00e3o do cont\u00e1gio de Covid-19. Segundo Sandra, essas equipes foram desenvolvidas para garantir que a pessoa com sintomas n\u00e3o circule pelo munic\u00edpio e para assegurar que fa\u00e7a o exame no melhor momento, sem custos e dentro do Sistema \u00danico de Sa\u00fade (SUS). \u201cEste projeto \u00e9 um exemplo claro de como o SUS pode funcionar bem, com a articula\u00e7\u00e3o dos tr\u00eas n\u00edveis de aten\u00e7\u00e3o e utilizando a expertise e for\u00e7a de trabalho acumulada ao longo de d\u00e9cadas dos docentes e pesquisadores da UFJF a servi\u00e7o da popula\u00e7\u00e3o e dos profissionais de sa\u00fade, muitos deles, nossos egressos\u201d, conclui Sandra.<\/p>\n<p>&nbsp;<\/p>\n<p><strong>Fonte:\u00a0<\/strong>Assessoria<\/p>\n","protected":false},"excerpt":{"rendered":"<p>Conforme Nota T\u00e9cnica ao Protocolo de Infec\u00e7\u00e3o Humana pelo SARS-COV-2 divulgada na \u00faltima segunda-feira (4), pelo Centro de Opera\u00e7\u00f5es de Emerg\u00eancia em Sa\u00fade (COES), os laudos dos testes de Rea\u00e7\u00e3o em Cadeia da Polimerase (PCR) realizados e emitidos pela UFJF poder\u00e3o ser utilizados para efetuar o fechamento da investiga\u00e7\u00e3o epidemiol\u00f3gica de Covid-19. Essa atualiza\u00e7\u00e3o dispensa [&hellip;]<\/p>\n","protected":false},"author":96,"featured_media":159786,"comment_status":"closed","ping_status":"closed","sticky":false,"template":"","format":"standard","meta":{"footnotes":""},"categories":[253,436,440,439],"tags":[],"class_list":["post-159785","post","type-post","status-publish","format-standard","has-post-thumbnail","hentry","category-cidade","category-destaque-da-semana","category-destaques-do-dia","category-ultima-hora"],"_links":{"self":[{"href":"https:\/\/diarioregionaldigital.com.br\/index.php?rest_route=\/wp\/v2\/posts\/159785","targetHints":{"allow":["GET"]}}],"collection":[{"href":"https:\/\/diarioregionaldigital.com.br\/index.php?rest_route=\/wp\/v2\/posts"}],"about":[{"href":"https:\/\/diarioregionaldigital.com.br\/index.php?rest_route=\/wp\/v2\/types\/post"}],"author":[{"embeddable":true,"href":"https:\/\/diarioregionaldigital.com.br\/index.php?rest_route=\/wp\/v2\/users\/96"}],"replies":[{"embeddable":true,"href":"https:\/\/diarioregionaldigital.com.br\/index.php?rest_route=%2Fwp%2Fv2%2Fcomments&post=159785"}],"version-history":[{"count":0,"href":"https:\/\/diarioregionaldigital.com.br\/index.php?rest_route=\/wp\/v2\/posts\/159785\/revisions"}],"wp:featuredmedia":[{"embeddable":true,"href":"https:\/\/diarioregionaldigital.com.br\/index.php?rest_route=\/wp\/v2\/media\/159786"}],"wp:attachment":[{"href":"https:\/\/diarioregionaldigital.com.br\/index.php?rest_route=%2Fwp%2Fv2%2Fmedia&parent=159785"}],"wp:term":[{"taxonomy":"category","embeddable":true,"href":"https:\/\/diarioregionaldigital.com.br\/index.php?rest_route=%2Fwp%2Fv2%2Fcategories&post=159785"},{"taxonomy":"post_tag","embeddable":true,"href":"https:\/\/diarioregionaldigital.com.br\/index.php?rest_route=%2Fwp%2Fv2%2Ftags&post=159785"}],"curies":[{"name":"wp","href":"https:\/\/api.w.org\/{rel}","templated":true}]}}