{"id":159782,"date":"2020-05-06T18:32:29","date_gmt":"2020-05-06T21:32:29","guid":{"rendered":"https:\/\/diarioregionaldigital.com.br\/?p=159782"},"modified":"2020-05-06T18:32:29","modified_gmt":"2020-05-06T21:32:29","slug":"pjf-realiza-contratacoes-de-profissionais-da-saude-para-combate-a-covid-19","status":"publish","type":"post","link":"https:\/\/diarioregionaldigital.com.br\/?p=159782","title":{"rendered":"PJF realiza contrata\u00e7\u00f5es de profissionais da sa\u00fade para combate \u00e0 covid-19"},"content":{"rendered":"<p>A Prefeitura de Juiz de Fora (PJF) divulgou novas listas de convoca\u00e7\u00e3o de profissionais da sa\u00fade para contrata\u00e7\u00e3o tempor\u00e1ria por excepcional interesse p\u00fablico, decorrente do quadro de pandemia do novo coronav\u00edrus (covid-19). Nessa quarta-feira (6), foram convocados candidatos dos editais 1 e 4, nos cargos de enfermeiro, auxiliar de enfermagem e fisioterapeuta, para atender \u00e0s demandas do Munic\u00edpio.<\/p>\n<p>As convoca\u00e7\u00f5es foram publicadas no Di\u00e1rio Oficial Eletr\u00f4nico do Munic\u00edpio (Atos do Governo) e podem ser conferidas aqui: enfermeiro &#8211; pjf.mg.gov.br\/enfermeiro, auxiliar de enfermagem &#8211; pjf.mg.gov.br\/auxiliardeenfermagem e fisioterapeuta &#8211; pjf.mg.gov.br\/fisioterapeuta. Os candidatos convocados devem comparecer \u00e0 Av. Brasil, 2.001, 8\u00ba andar, Centro, das 12 \u00e0s 17 horas, no prazo de dois dias \u00fateis, devendo apresentar todos os documentos necess\u00e1rios para a referida contrata\u00e7\u00e3o tempor\u00e1ria. Os candidatos convocados ter\u00e3o suas posi\u00e7\u00f5es na ordem classificat\u00f3ria dos respectivos editais mantidas, para fins de eventuais nomea\u00e7\u00f5es futuras.<\/p>\n<p>A PJF est\u00e1 realizando tamb\u00e9m a contrata\u00e7\u00e3o de m\u00e9dicos aprovados no edital 396, para atender \u00e0s demandas da Secretaria de Sa\u00fade (SS). As convoca\u00e7\u00f5es para este edital devem ser conferidas na p\u00e1gina do certame.<\/p>\n<p>Em fun\u00e7\u00e3o do quadro de pandemia e das medidas de enfrentamento \u00e0 covid-19, estabelecidas no Decreto n\u00ba 13.893, os candidatos dever\u00e3o declarar, no ato da contrata\u00e7\u00e3o, que n\u00e3o tem 60 anos ou mais; n\u00e3o \u00e9 portador de imunodefici\u00eancia ou doen\u00e7as preexistentes cr\u00f4nicas ou graves; n\u00e3o \u00e9 respons\u00e1vel pelo cuidado de uma ou mais pessoas com suspeita ou confirma\u00e7\u00e3o de diagn\u00f3stico de infec\u00e7\u00e3o por covid-19, desde que haja coabita\u00e7\u00e3o; e que n\u00e3o \u00e9 gestante.<\/p>\n<p>&nbsp;<\/p>\n<p>&nbsp;<\/p>\n","protected":false},"excerpt":{"rendered":"<p>A Prefeitura de Juiz de Fora (PJF) divulgou novas listas de convoca\u00e7\u00e3o de profissionais da sa\u00fade para contrata\u00e7\u00e3o tempor\u00e1ria por excepcional interesse p\u00fablico, decorrente do quadro de pandemia do novo coronav\u00edrus (covid-19). Nessa quarta-feira (6), foram convocados candidatos dos editais 1 e 4, nos cargos de enfermeiro, auxiliar de enfermagem e fisioterapeuta, para atender \u00e0s [&hellip;]<\/p>\n","protected":false},"author":96,"featured_media":159783,"comment_status":"closed","ping_status":"closed","sticky":false,"template":"","format":"standard","meta":{"footnotes":""},"categories":[253,436,439],"tags":[],"class_list":["post-159782","post","type-post","status-publish","format-standard","has-post-thumbnail","hentry","category-cidade","category-destaque-da-semana","category-ultima-hora"],"_links":{"self":[{"href":"https:\/\/diarioregionaldigital.com.br\/index.php?rest_route=\/wp\/v2\/posts\/159782","targetHints":{"allow":["GET"]}}],"collection":[{"href":"https:\/\/diarioregionaldigital.com.br\/index.php?rest_route=\/wp\/v2\/posts"}],"about":[{"href":"https:\/\/diarioregionaldigital.com.br\/index.php?rest_route=\/wp\/v2\/types\/post"}],"author":[{"embeddable":true,"href":"https:\/\/diarioregionaldigital.com.br\/index.php?rest_route=\/wp\/v2\/users\/96"}],"replies":[{"embeddable":true,"href":"https:\/\/diarioregionaldigital.com.br\/index.php?rest_route=%2Fwp%2Fv2%2Fcomments&post=159782"}],"version-history":[{"count":0,"href":"https:\/\/diarioregionaldigital.com.br\/index.php?rest_route=\/wp\/v2\/posts\/159782\/revisions"}],"wp:featuredmedia":[{"embeddable":true,"href":"https:\/\/diarioregionaldigital.com.br\/index.php?rest_route=\/wp\/v2\/media\/159783"}],"wp:attachment":[{"href":"https:\/\/diarioregionaldigital.com.br\/index.php?rest_route=%2Fwp%2Fv2%2Fmedia&parent=159782"}],"wp:term":[{"taxonomy":"category","embeddable":true,"href":"https:\/\/diarioregionaldigital.com.br\/index.php?rest_route=%2Fwp%2Fv2%2Fcategories&post=159782"},{"taxonomy":"post_tag","embeddable":true,"href":"https:\/\/diarioregionaldigital.com.br\/index.php?rest_route=%2Fwp%2Fv2%2Ftags&post=159782"}],"curies":[{"name":"wp","href":"https:\/\/api.w.org\/{rel}","templated":true}]}}