{"id":159777,"date":"2020-05-06T18:01:20","date_gmt":"2020-05-06T21:01:20","guid":{"rendered":"https:\/\/diarioregionaldigital.com.br\/?p=159777"},"modified":"2020-05-06T18:01:20","modified_gmt":"2020-05-06T21:01:20","slug":"juiz-de-fora-tem-aumento-de-25-novos-casos-de-covid-19","status":"publish","type":"post","link":"https:\/\/diarioregionaldigital.com.br\/?p=159777","title":{"rendered":"Juiz de Fora tem aumento de 25 novos casos de Covid-19"},"content":{"rendered":"<p>A Secretaria de Sa\u00fade (SS) da Prefeitura de Juiz de Fora (PJF), confirmou aumento de 25 novos casos de Coronav\u00edrus na cidade. Segundo o novo boletim divulgado nesta quarta-feira (6), o munic\u00edpio agora tem 264 pacientes confirmados e tamb\u00e9m houve aumento para 2.680 casos suspeitos. At\u00e9 o momento 13 mortes est\u00e3o confirmadas e nove \u00f3bitos est\u00e3o sob investiga\u00e7\u00e3o, para avaliar se a causa foi do Covid-19.<\/p>\n<p>&nbsp;<\/p>\n","protected":false},"excerpt":{"rendered":"<p>A Secretaria de Sa\u00fade (SS) da Prefeitura de Juiz de Fora (PJF), confirmou aumento de 25 novos casos de Coronav\u00edrus na cidade. Segundo o novo boletim divulgado nesta quarta-feira (6), o munic\u00edpio agora tem 264 pacientes confirmados e tamb\u00e9m houve aumento para 2.680 casos suspeitos. At\u00e9 o momento 13 mortes est\u00e3o confirmadas e nove \u00f3bitos [&hellip;]<\/p>\n","protected":false},"author":96,"featured_media":157658,"comment_status":"closed","ping_status":"closed","sticky":false,"template":"","format":"standard","meta":{"footnotes":""},"categories":[253,436,440,439],"tags":[],"class_list":["post-159777","post","type-post","status-publish","format-standard","has-post-thumbnail","hentry","category-cidade","category-destaque-da-semana","category-destaques-do-dia","category-ultima-hora"],"_links":{"self":[{"href":"https:\/\/diarioregionaldigital.com.br\/index.php?rest_route=\/wp\/v2\/posts\/159777","targetHints":{"allow":["GET"]}}],"collection":[{"href":"https:\/\/diarioregionaldigital.com.br\/index.php?rest_route=\/wp\/v2\/posts"}],"about":[{"href":"https:\/\/diarioregionaldigital.com.br\/index.php?rest_route=\/wp\/v2\/types\/post"}],"author":[{"embeddable":true,"href":"https:\/\/diarioregionaldigital.com.br\/index.php?rest_route=\/wp\/v2\/users\/96"}],"replies":[{"embeddable":true,"href":"https:\/\/diarioregionaldigital.com.br\/index.php?rest_route=%2Fwp%2Fv2%2Fcomments&post=159777"}],"version-history":[{"count":0,"href":"https:\/\/diarioregionaldigital.com.br\/index.php?rest_route=\/wp\/v2\/posts\/159777\/revisions"}],"wp:featuredmedia":[{"embeddable":true,"href":"https:\/\/diarioregionaldigital.com.br\/index.php?rest_route=\/wp\/v2\/media\/157658"}],"wp:attachment":[{"href":"https:\/\/diarioregionaldigital.com.br\/index.php?rest_route=%2Fwp%2Fv2%2Fmedia&parent=159777"}],"wp:term":[{"taxonomy":"category","embeddable":true,"href":"https:\/\/diarioregionaldigital.com.br\/index.php?rest_route=%2Fwp%2Fv2%2Fcategories&post=159777"},{"taxonomy":"post_tag","embeddable":true,"href":"https:\/\/diarioregionaldigital.com.br\/index.php?rest_route=%2Fwp%2Fv2%2Ftags&post=159777"}],"curies":[{"name":"wp","href":"https:\/\/api.w.org\/{rel}","templated":true}]}}